{"id":83297,"date":"2016-03-30T10:03:22","date_gmt":"2016-03-30T13:03:22","guid":{"rendered":"http:\/\/www.redenoticia.com.br\/noticia\/?p=83297"},"modified":"2016-03-29T16:02:05","modified_gmt":"2016-03-29T19:02:05","slug":"etecs-e-fatecs-ajudam-contribuintes-a-declarar-imposto-de-renda","status":"publish","type":"post","link":"https:\/\/www.redenoticia.com.br\/noticia\/2016\/etecs-e-fatecs-ajudam-contribuintes-a-declarar-imposto-de-renda\/83297","title":{"rendered":"Etecs e Fatecs ajudam contribuintes a declarar Imposto de Renda"},"content":{"rendered":"<p> Estudantes e professores de 31 Etecs (Escolas T\u00e9cnicas estaduais) e tr\u00eas Fatecs (Faculdades de Tecnologia do Estado de S\u00e3o Paulo) v\u00e3o ajudar os contribuintes no preenchimento da declara\u00e7\u00e3o de <strong><em>Imposto de Renda<\/em><\/strong>. Para isso, algumas unidades far\u00e3o plant\u00f5es de atendimento para orientar e tirar d\u00favidas da comunidade.<\/p>\n<p>O atendimento ser\u00e1 feito por estudantes dos cursos t\u00e9cnicos de Administra\u00e7\u00e3o, Contabilidade, Finan\u00e7as, Inform\u00e1tica, Log\u00edstica, Recursos Humanos, Servi\u00e7os Jur\u00eddicos e Transa\u00e7\u00f5es Imobili\u00e1rias, sob a orienta\u00e7\u00e3o dos professores.<\/p>\n<p>J\u00e1 as Fatecs Barueri, Guarulhos e Tatu\u00ed v\u00e3o oferecer consultoria por meio dos alunos das gradua\u00e7\u00f5es tecnol\u00f3gicas de Gest\u00e3o Empresarial, Com\u00e9rcio Exterior, Eventos e Gest\u00e3o da Tecnologia da Informa\u00e7\u00e3o.<\/p>\n<p>\u00c9 necess\u00e1rio levar comprovantes de rendimentos do ano-calend\u00e1rio 2015, declara\u00e7\u00e3o do ano anterior com recibo de entrega (se houver), n\u00famero do RG, CPF e t\u00edtulo de eleitor, endere\u00e7o residencial, dados da conta banc\u00e1ria para restitui\u00e7\u00e3o e comprovantes de despesas que possam ser abatidas (consultas m\u00e9dicas, exames cl\u00ednicos, mensalidades escolares, contribui\u00e7\u00e3o para previd\u00eancia privada, entre outros).<\/p>\n<p>Confira  a lista de unidades das Etecs e Fatecs com datas e hor\u00e1rios dos plant\u00f5es.<\/p>\n<p>O prazo para enviar a declara\u00e7\u00e3o termina no dia 29 de abril. Para mais informa\u00e7\u00f5es, .<\/p>\n<p>Do Portal do Governo do Estado SP<\/p>\n","protected":false},"excerpt":{"rendered":"<p>Estudantes e professores de 31 Etecs (Escolas T\u00e9cnicas estaduais) e tr\u00eas Fatecs (Faculdades de Tecnologia do Estado de S\u00e3o Paulo) v\u00e3o ajudar os contribuintes no preenchimento da declara\u00e7\u00e3o de Imposto de Renda. Para isso, algumas unidades far\u00e3o plant\u00f5es de atendimento para orientar e tirar d\u00favidas da comunidade. O atendimento ser\u00e1 feito por estudantes dos cursos [&hellip;]<\/p>\n","protected":false},"author":2,"featured_media":37419,"comment_status":"open","ping_status":"closed","sticky":false,"template":"","format":"standard","meta":{"_genesis_hide_title":false,"_genesis_hide_breadcrumbs":false,"_genesis_hide_singular_image":false,"_genesis_hide_footer_widgets":false,"_genesis_custom_body_class":"","_genesis_custom_post_class":"","_genesis_layout":"","_jetpack_memberships_contains_paid_content":false,"footnotes":""},"categories":[22],"tags":[],"class_list":{"0":"post-83297","1":"post","2":"type-post","3":"status-publish","4":"format-standard","5":"has-post-thumbnail","7":"category-brasil","8":"entry","9":"gs-1","10":"gs-odd","11":"gs-even","12":"gs-featured-content-entry"},"jetpack_featured_media_url":"https:\/\/www.redenoticia.com.br\/noticia\/imagens\/computador-tecnologia.jpg","jetpack_sharing_enabled":true,"jetpack_likes_enabled":true,"_links":{"self":[{"href":"https:\/\/www.redenoticia.com.br\/noticia\/wp-json\/wp\/v2\/posts\/83297","targetHints":{"allow":["GET"]}}],"collection":[{"href":"https:\/\/www.redenoticia.com.br\/noticia\/wp-json\/wp\/v2\/posts"}],"about":[{"href":"https:\/\/www.redenoticia.com.br\/noticia\/wp-json\/wp\/v2\/types\/post"}],"author":[{"embeddable":true,"href":"https:\/\/www.redenoticia.com.br\/noticia\/wp-json\/wp\/v2\/users\/2"}],"replies":[{"embeddable":true,"href":"https:\/\/www.redenoticia.com.br\/noticia\/wp-json\/wp\/v2\/comments?post=83297"}],"version-history":[{"count":0,"href":"https:\/\/www.redenoticia.com.br\/noticia\/wp-json\/wp\/v2\/posts\/83297\/revisions"}],"wp:featuredmedia":[{"embeddable":true,"href":"https:\/\/www.redenoticia.com.br\/noticia\/wp-json\/wp\/v2\/media\/37419"}],"wp:attachment":[{"href":"https:\/\/www.redenoticia.com.br\/noticia\/wp-json\/wp\/v2\/media?parent=83297"}],"wp:term":[{"taxonomy":"category","embeddable":true,"href":"https:\/\/www.redenoticia.com.br\/noticia\/wp-json\/wp\/v2\/categories?post=83297"},{"taxonomy":"post_tag","embeddable":true,"href":"https:\/\/www.redenoticia.com.br\/noticia\/wp-json\/wp\/v2\/tags?post=83297"}],"curies":[{"name":"wp","href":"https:\/\/api.w.org\/{rel}","templated":true}]}}