{"id":83238,"date":"2016-03-29T09:51:58","date_gmt":"2016-03-29T12:51:58","guid":{"rendered":"http:\/\/www.redenoticia.com.br\/noticia\/?p=83238"},"modified":"2016-03-28T18:53:47","modified_gmt":"2016-03-28T21:53:47","slug":"divida-publica-federal-cresce-253-em-fevereiro-diz-tesouro-nacional","status":"publish","type":"post","link":"https:\/\/www.redenoticia.com.br\/noticia\/2016\/divida-publica-federal-cresce-253-em-fevereiro-diz-tesouro-nacional\/83238","title":{"rendered":"D\u00edvida P\u00fablica Federal cresce 2,53% em fevereiro, diz Tesouro Nacional"},"content":{"rendered":"<p> A <strong><em>D\u00edvida P\u00fablica Federal<\/em><\/strong> (DPF) apresentou aumento de 2,53% em fevereiro na compara\u00e7\u00e3o com janeiro. De um m\u00eas para o outro, subiu de R$ 2,749 trilh\u00f5es para R$ 2,819 trilh\u00f5es. Os dados foram divulgados pelo Tesouro Nacional.<\/p>\n<p>O endividamento do Tesouro pode ocorrer por meio da oferta de t\u00edtulos p\u00fablicos em leil\u00f5es, pela internet (Tesouro Direto) ou pela emiss\u00e3o direta. Outro fator de eleva\u00e7\u00e3o pode se dar pela assinatura de contratos de empr\u00e9stimo.<\/p>\n<p>As emiss\u00f5es da DPF corresponderam a R$ 55,75 bilh\u00f5es, enquanto os resgates alcan\u00e7aram R$ 16,68 bilh\u00f5es, resultando em emiss\u00e3o l\u00edquida de R$ 39,07 bilh\u00f5es.<\/p>\n<p>A D\u00edvida P\u00fablica Mobili\u00e1ria Federal interna (Dpmfi) teve o estoque elevado em 2,73% ao passar de R$ 2,606 trilh\u00f5es para R$ 2,678 trilh\u00f5es. A Dpmfi \u00e9 a d\u00edvida p\u00fablica federal interna em circula\u00e7\u00e3o no mercado nacional. O motivo da eleva\u00e7\u00e3o no m\u00eas passado foi a emiss\u00e3o l\u00edquida de t\u00edtulos, no valor de R$ 39,07 bilh\u00f5es, realizada pelo governo, al\u00e9m da incorpora\u00e7\u00e3o de juros na d\u00edvida, no valor de R$ 30,51 bilh\u00f5es.<\/p>\n<p>Redu\u00e7\u00e3o<\/p>\n<p>A D\u00edvida P\u00fablica Federal Externa (DPFe) caiu, em fevereiro, 1,16% em compara\u00e7\u00e3o ao resultado do m\u00eas anterior, chegando a R$ 141,24 bilh\u00f5es, equivalentes a US$ 35,49 bilh\u00f5es, dos quais R$ 127,96 bilh\u00f5es (US$ 32,15 bilh\u00f5es) se referem \u00e0 d\u00edvida mobili\u00e1ria (t\u00edtulos) e R$ 13,29 bilh\u00f5es (US$ 3,34 bilh\u00f5es), \u00e0 d\u00edvida contratual.<\/p>\n<p>A varia\u00e7\u00e3o se deveu, principalmente, segundo o Tesouro Nacional, \u00e0 \u201cvaloriza\u00e7\u00e3o do real frente a outras moedas que comp\u00f5em o estoque da d\u00edvida externa\u201d. De acordo com o Plano Anual de Financiamento (PAF), o governo estima a D\u00edvida P\u00fablica Federal, em 2016, entre R$ 3,1 trilh\u00f5es e R$ 3,3 trilh\u00f5es.<\/p>\n<p>Daniel Lima \u2013 Rep\u00f3rter da Ag\u00eancia Brasil<br \/>\nEdi\u00e7\u00e3o: Kleber Sampaio<br \/>\n29\/03\/2016<\/p>\n","protected":false},"excerpt":{"rendered":"<p>A D\u00edvida P\u00fablica Federal (DPF) apresentou aumento de 2,53% em fevereiro na compara\u00e7\u00e3o com janeiro. De um m\u00eas para o outro, subiu de R$ 2,749 trilh\u00f5es para R$ 2,819 trilh\u00f5es. Os dados foram divulgados pelo Tesouro Nacional. O endividamento do Tesouro pode ocorrer por meio da oferta de t\u00edtulos p\u00fablicos em leil\u00f5es, pela internet (Tesouro [&hellip;]<\/p>\n","protected":false},"author":2,"featured_media":57585,"comment_status":"open","ping_status":"closed","sticky":false,"template":"","format":"standard","meta":{"_genesis_hide_title":false,"_genesis_hide_breadcrumbs":false,"_genesis_hide_singular_image":false,"_genesis_hide_footer_widgets":false,"_genesis_custom_body_class":"","_genesis_custom_post_class":"","_genesis_layout":"","_jetpack_memberships_contains_paid_content":false,"footnotes":""},"categories":[22,7],"tags":[],"class_list":{"0":"post-83238","1":"post","2":"type-post","3":"status-publish","4":"format-standard","5":"has-post-thumbnail","7":"category-brasil","8":"category-economia","9":"entry","10":"gs-1","11":"gs-odd","12":"gs-even","13":"gs-featured-content-entry"},"jetpack_featured_media_url":"https:\/\/www.redenoticia.com.br\/noticia\/imagens\/analise-economia.jpg","jetpack_sharing_enabled":true,"jetpack_likes_enabled":true,"_links":{"self":[{"href":"https:\/\/www.redenoticia.com.br\/noticia\/wp-json\/wp\/v2\/posts\/83238","targetHints":{"allow":["GET"]}}],"collection":[{"href":"https:\/\/www.redenoticia.com.br\/noticia\/wp-json\/wp\/v2\/posts"}],"about":[{"href":"https:\/\/www.redenoticia.com.br\/noticia\/wp-json\/wp\/v2\/types\/post"}],"author":[{"embeddable":true,"href":"https:\/\/www.redenoticia.com.br\/noticia\/wp-json\/wp\/v2\/users\/2"}],"replies":[{"embeddable":true,"href":"https:\/\/www.redenoticia.com.br\/noticia\/wp-json\/wp\/v2\/comments?post=83238"}],"version-history":[{"count":0,"href":"https:\/\/www.redenoticia.com.br\/noticia\/wp-json\/wp\/v2\/posts\/83238\/revisions"}],"wp:featuredmedia":[{"embeddable":true,"href":"https:\/\/www.redenoticia.com.br\/noticia\/wp-json\/wp\/v2\/media\/57585"}],"wp:attachment":[{"href":"https:\/\/www.redenoticia.com.br\/noticia\/wp-json\/wp\/v2\/media?parent=83238"}],"wp:term":[{"taxonomy":"category","embeddable":true,"href":"https:\/\/www.redenoticia.com.br\/noticia\/wp-json\/wp\/v2\/categories?post=83238"},{"taxonomy":"post_tag","embeddable":true,"href":"https:\/\/www.redenoticia.com.br\/noticia\/wp-json\/wp\/v2\/tags?post=83238"}],"curies":[{"name":"wp","href":"https:\/\/api.w.org\/{rel}","templated":true}]}}