{"id":83236,"date":"2016-03-29T09:39:50","date_gmt":"2016-03-29T12:39:50","guid":{"rendered":"http:\/\/www.redenoticia.com.br\/noticia\/?p=83236"},"modified":"2016-03-28T18:51:44","modified_gmt":"2016-03-28T21:51:44","slug":"projecao-do-mercado-para-queda-da-economia-chega-a-366","status":"publish","type":"post","link":"https:\/\/www.redenoticia.com.br\/noticia\/2016\/projecao-do-mercado-para-queda-da-economia-chega-a-366\/83236","title":{"rendered":"Proje\u00e7\u00e3o do mercado para queda da economia chega a 3,66%"},"content":{"rendered":"<p> A proje\u00e7\u00e3o de institui\u00e7\u00f5es financeiras para a queda da economia este ano passou pelo d\u00e9cimo ajuste consecutivo. Agora, a estimativa para a queda do <strong><em>Produto Interno Bruto<\/em><\/strong> (PIB), a soma de todos os bens e servi\u00e7os produzidos no pa\u00eds, foi alterada de 3,60% para 3,66%.<\/p>\n<p>Para 2017, a expectativa de crescimento foi reduzida de 0,44% para 0,35%, no segundo ajuste seguido. As estimativas fazem parte do boletim Focus, publica\u00e7\u00e3o divulgada semanalmente pelo Banco Central (BC), com base em proje\u00e7\u00f5es de institui\u00e7\u00f5es financeiras para os principais indicadores econ\u00f4micos.<\/p>\n<p>As institui\u00e7\u00f5es financeiras tamb\u00e9m projetam que a infla\u00e7\u00e3o, medida pelo \u00cdndice Nacional de Pre\u00e7os ao Consumidor Amplo (IPCA), vai fechar este ano em 7,31%, no terceiro ajuste seguido. Na semana passada, a estimativa era 7,43%. Para 2017, a estimativa segue em 6%, h\u00e1 sete semanas consecutivas.<\/p>\n<p>Meta ultrapassada<\/p>\n<p>As proje\u00e7\u00f5es ultrapassam o centro da meta que \u00e9 4,5%. O teto da meta \u00e9 6,5% este ano, e 6% em 2017. Em um cen\u00e1rio de retra\u00e7\u00e3o da economia e infla\u00e7\u00e3o alta, as institui\u00e7\u00f5es financeiras n\u00e3o esperam por altera\u00e7\u00e3o na taxa b\u00e1sica de juros, a Selic, este ano. A expectativa \u00e9 que a taxa encerre 2016 no atual patamar de 14,25% ao ano. Para 2017, a mediana das expectativas (desconsiderando os extremos nas proje\u00e7\u00f5es) \u00e9 que a Selic feche o per\u00edodo em 12,50% ao ano.<\/p>\n<p>A taxa \u00e9 usada nas negocia\u00e7\u00f5es de t\u00edtulos p\u00fablicos no Sistema Especial de Liquida\u00e7\u00e3o e Cust\u00f3dia (Selic) e serve como refer\u00eancia para as demais taxas de juros da economia. Ao reajust\u00e1-la para cima, o Banco Central cont\u00e9m o excesso de demanda que pressiona os pre\u00e7os, porque os juros mais altos encarecem o cr\u00e9dito e estimulam a poupan\u00e7a. Quando reduz os juros b\u00e1sicos, o Comit\u00ea de Pol\u00edtica Monet\u00e1ria (Copom) barateia o cr\u00e9dito e incentiva a produ\u00e7\u00e3o e o consumo, mas alivia o controle sobre a infla\u00e7\u00e3o.<\/p>\n<p>A pesquisa do BC tamb\u00e9m traz a proje\u00e7\u00e3o para a infla\u00e7\u00e3o medida pelo \u00cdndice Geral de Pre\u00e7os \u2013 Disponibilidade Interna (IGP-DI), que foi ajustada de 7,49% para 7,43% este ano. Para o \u00cdndice Geral de Pre\u00e7os &#8211; Mercado (IGP-M), a estimativa passou de 7,73% para 7,68%, em 2016.<\/p>\n<p>A estimativa para o \u00cdndice de Pre\u00e7os ao Consumidor, da Funda\u00e7\u00e3o Instituto de Pesquisas Econ\u00f4micas (IPC-Fipe), segue em 7%, em 2016. A proje\u00e7\u00e3o para os pre\u00e7os administrados foi alterada de 7,20% para 7,30%, este ano, e de 5,58% para 5,50% em 2017.<\/p>\n<p>A estimativa para a cota\u00e7\u00e3o do d\u00f3lar passou de R$ 4,20 para R$ 4,15, no fim de 2016, e de R$ 4,30 para R$ 4,20, ao final do pr\u00f3ximo ano.<\/p>\n<p>Kelly Oliveira &#8211; Rep\u00f3rter da Ag\u00eancia Brasil<br \/>\nEdi\u00e7\u00e3o: Kleber Sampaio<br \/>\n29\/03\/2016<\/p>\n","protected":false},"excerpt":{"rendered":"<p>A proje\u00e7\u00e3o de institui\u00e7\u00f5es financeiras para a queda da economia este ano passou pelo d\u00e9cimo ajuste consecutivo. Agora, a estimativa para a queda do Produto Interno Bruto (PIB), a soma de todos os bens e servi\u00e7os produzidos no pa\u00eds, foi alterada de 3,60% para 3,66%. Para 2017, a expectativa de crescimento foi reduzida de 0,44% [&hellip;]<\/p>\n","protected":false},"author":2,"featured_media":57583,"comment_status":"open","ping_status":"closed","sticky":false,"template":"","format":"standard","meta":{"_genesis_hide_title":false,"_genesis_hide_breadcrumbs":false,"_genesis_hide_singular_image":false,"_genesis_hide_footer_widgets":false,"_genesis_custom_body_class":"","_genesis_custom_post_class":"","_genesis_layout":"","_jetpack_memberships_contains_paid_content":false,"footnotes":""},"categories":[22,7],"tags":[],"class_list":{"0":"post-83236","1":"post","2":"type-post","3":"status-publish","4":"format-standard","5":"has-post-thumbnail","7":"category-brasil","8":"category-economia","9":"entry","10":"gs-1","11":"gs-odd","12":"gs-even","13":"gs-featured-content-entry"},"jetpack_featured_media_url":"https:\/\/www.redenoticia.com.br\/noticia\/imagens\/economia-grafico.jpg","jetpack_sharing_enabled":true,"jetpack_likes_enabled":true,"_links":{"self":[{"href":"https:\/\/www.redenoticia.com.br\/noticia\/wp-json\/wp\/v2\/posts\/83236","targetHints":{"allow":["GET"]}}],"collection":[{"href":"https:\/\/www.redenoticia.com.br\/noticia\/wp-json\/wp\/v2\/posts"}],"about":[{"href":"https:\/\/www.redenoticia.com.br\/noticia\/wp-json\/wp\/v2\/types\/post"}],"author":[{"embeddable":true,"href":"https:\/\/www.redenoticia.com.br\/noticia\/wp-json\/wp\/v2\/users\/2"}],"replies":[{"embeddable":true,"href":"https:\/\/www.redenoticia.com.br\/noticia\/wp-json\/wp\/v2\/comments?post=83236"}],"version-history":[{"count":0,"href":"https:\/\/www.redenoticia.com.br\/noticia\/wp-json\/wp\/v2\/posts\/83236\/revisions"}],"wp:featuredmedia":[{"embeddable":true,"href":"https:\/\/www.redenoticia.com.br\/noticia\/wp-json\/wp\/v2\/media\/57583"}],"wp:attachment":[{"href":"https:\/\/www.redenoticia.com.br\/noticia\/wp-json\/wp\/v2\/media?parent=83236"}],"wp:term":[{"taxonomy":"category","embeddable":true,"href":"https:\/\/www.redenoticia.com.br\/noticia\/wp-json\/wp\/v2\/categories?post=83236"},{"taxonomy":"post_tag","embeddable":true,"href":"https:\/\/www.redenoticia.com.br\/noticia\/wp-json\/wp\/v2\/tags?post=83236"}],"curies":[{"name":"wp","href":"https:\/\/api.w.org\/{rel}","templated":true}]}}