{"id":83121,"date":"2016-03-28T09:30:48","date_gmt":"2016-03-28T12:30:48","guid":{"rendered":"http:\/\/www.redenoticia.com.br\/noticia\/?p=83121"},"modified":"2016-03-27T17:54:04","modified_gmt":"2016-03-27T20:54:04","slug":"gastos-de-brasileiros-no-exterior-caem-435-em-fevereiro","status":"publish","type":"post","link":"https:\/\/www.redenoticia.com.br\/noticia\/2016\/gastos-de-brasileiros-no-exterior-caem-435-em-fevereiro\/83121","title":{"rendered":"Gastos de brasileiros no exterior caem 43,5% em fevereiro"},"content":{"rendered":"<p> Com a alta do d\u00f3lar e menor renda, os <strong><em>gastos de brasileiros em viagens internacionais<\/em><\/strong> ca\u00edram 43,5% em fevereiro, na compara\u00e7\u00e3o com fevereiro de 2015. Os dados foram divulgados pelo Banco Central (BC).<\/p>\n<p>No m\u00eas passado, os gastos chegaram a US$ 841 milh\u00f5es, contra US$ 1,49 bilh\u00e3o registrado no mesmo m\u00eas do ano passado. De acordo com o BC, \u00e9 o menor resultado em sete anos.<\/p>\n<p>Se por um lado, as despesas de brasileiros no exterior ca\u00edram, as receitas de estrangeiros no Brasil aumentaram 14,97%, no mesmo per\u00edodo de compara\u00e7\u00e3o. As receitas de estrangeiros no pa\u00eds totalizaram US$ 599 milh\u00f5es no m\u00eas passado, contra US$ 521 milh\u00f5es fevereiro e 2015.<\/p>\n<p>Com esses resultados, o d\u00e9ficit na conta de viagens ficou em US$ 242 milh\u00f5es.<\/p>\n<p>Daniel Lima \u2013 Rep\u00f3rter da Ag\u00eancia Brasil<br \/>\nEdi\u00e7\u00e3o: Denise Griesinger<br \/>\n28\/03\/2016<br \/>\n&#8212;<br \/>\nA Empresa Brasil de Comunica\u00e7\u00e3o \u00e9 uma institui\u00e7\u00e3o da democracia brasileira: p\u00fablica, inclusiva e cidad\u00e3.  Criada em 2007 para fortalecer o sistema p\u00fablico de comunica\u00e7\u00e3o, \u00e9 gestora dos canais TV Brasil, TV Brasil Internacional, Ag\u00eancia Brasil, Radioag\u00eancia Nacional e do sistema p\u00fablico de R\u00e1dio \u2013 composto por oito emissoras. Estes, por sua independ\u00eancia editorial, distinguem-se dos canais estatais ou governamentais, com conte\u00fados diferenciados e complementares aos canais privados. Os ve\u00edculos da EBC t\u00eam autonomia para definir produ\u00e7\u00e3o, programa\u00e7\u00e3o e distribui\u00e7\u00e3o de conte\u00fados.<\/p>\n","protected":false},"excerpt":{"rendered":"<p>Com a alta do d\u00f3lar e menor renda, os gastos de brasileiros em viagens internacionais ca\u00edram 43,5% em fevereiro, na compara\u00e7\u00e3o com fevereiro de 2015. Os dados foram divulgados pelo Banco Central (BC). No m\u00eas passado, os gastos chegaram a US$ 841 milh\u00f5es, contra US$ 1,49 bilh\u00e3o registrado no mesmo m\u00eas do ano passado. De [&hellip;]<\/p>\n","protected":false},"author":2,"featured_media":40734,"comment_status":"open","ping_status":"closed","sticky":false,"template":"","format":"standard","meta":{"_genesis_hide_title":false,"_genesis_hide_breadcrumbs":false,"_genesis_hide_singular_image":false,"_genesis_hide_footer_widgets":false,"_genesis_custom_body_class":"","_genesis_custom_post_class":"","_genesis_layout":"","_jetpack_memberships_contains_paid_content":false,"footnotes":""},"categories":[22,7],"tags":[],"class_list":{"0":"post-83121","1":"post","2":"type-post","3":"status-publish","4":"format-standard","5":"has-post-thumbnail","7":"category-brasil","8":"category-economia","9":"entry","10":"gs-1","11":"gs-odd","12":"gs-even","13":"gs-featured-content-entry"},"jetpack_featured_media_url":"https:\/\/www.redenoticia.com.br\/noticia\/imagens\/economia-resultados.jpg","jetpack_sharing_enabled":true,"jetpack_likes_enabled":true,"_links":{"self":[{"href":"https:\/\/www.redenoticia.com.br\/noticia\/wp-json\/wp\/v2\/posts\/83121","targetHints":{"allow":["GET"]}}],"collection":[{"href":"https:\/\/www.redenoticia.com.br\/noticia\/wp-json\/wp\/v2\/posts"}],"about":[{"href":"https:\/\/www.redenoticia.com.br\/noticia\/wp-json\/wp\/v2\/types\/post"}],"author":[{"embeddable":true,"href":"https:\/\/www.redenoticia.com.br\/noticia\/wp-json\/wp\/v2\/users\/2"}],"replies":[{"embeddable":true,"href":"https:\/\/www.redenoticia.com.br\/noticia\/wp-json\/wp\/v2\/comments?post=83121"}],"version-history":[{"count":0,"href":"https:\/\/www.redenoticia.com.br\/noticia\/wp-json\/wp\/v2\/posts\/83121\/revisions"}],"wp:featuredmedia":[{"embeddable":true,"href":"https:\/\/www.redenoticia.com.br\/noticia\/wp-json\/wp\/v2\/media\/40734"}],"wp:attachment":[{"href":"https:\/\/www.redenoticia.com.br\/noticia\/wp-json\/wp\/v2\/media?parent=83121"}],"wp:term":[{"taxonomy":"category","embeddable":true,"href":"https:\/\/www.redenoticia.com.br\/noticia\/wp-json\/wp\/v2\/categories?post=83121"},{"taxonomy":"post_tag","embeddable":true,"href":"https:\/\/www.redenoticia.com.br\/noticia\/wp-json\/wp\/v2\/tags?post=83121"}],"curies":[{"name":"wp","href":"https:\/\/api.w.org\/{rel}","templated":true}]}}