{"id":82983,"date":"2016-03-24T10:29:44","date_gmt":"2016-03-24T13:29:44","guid":{"rendered":"http:\/\/www.redenoticia.com.br\/noticia\/?p=82983"},"modified":"2016-03-23T18:31:07","modified_gmt":"2016-03-23T21:31:07","slug":"ibge-desemprego-volta-a-subir-e-vai-a-82","status":"publish","type":"post","link":"https:\/\/www.redenoticia.com.br\/noticia\/2016\/ibge-desemprego-volta-a-subir-e-vai-a-82\/82983","title":{"rendered":"IBGE: desemprego volta a subir e vai a 8,2%"},"content":{"rendered":"<p> A taxa de desocupa\u00e7\u00e3o para o conjunto das seis principais regi\u00f5es metropolitanas do pa\u00eds analisadas pela <strong><em>Pesquisa Mensal de Emprego<\/em><\/strong> (PME) subiu 0,6 ponto percentual de janeiro para fevereiro, quando fechou em 8,2% da popula\u00e7\u00e3o economicamente ativa &#8211; percentual de pessoas desocupadas.<\/p>\n<p>O levantamento envolveu S\u00e3o Paulo, Rio de Janeiro, Recife, Salvador, Belo Horizonte e Porto Alegre.<\/p>\n<p>Os dados da PME foram divulgados pelo Instituto Brasileiro de Geografia e Estat\u00edstica (IBGE) e indicam que, em rela\u00e7\u00e3o a fevereiro de 2015 (5,8%), a taxa subiu 2,4 pontos percentuais.<\/p>\n<p>Segundo o IBGE, em fevereiro deste ano a popula\u00e7\u00e3o desocupada fechou em 2 milh\u00f5es de pessoas, crescendo 7,2% em rela\u00e7\u00e3o a janeiro &#8211; mais 136 mil pessoas. Em rela\u00e7\u00e3o a fevereiro de 2015, no entanto, o crescimento do n\u00famero de pessoas desempregadas chegou a 39%, o que significa que mais 565 mil pessoas ficaram sem ocupa\u00e7\u00e3o.<\/p>\n<p>J\u00e1 a popula\u00e7\u00e3o ocupada do pa\u00eds fechou fevereiro em 22,6 milh\u00f5es de trabalhadores para o conjunto das seis regi\u00f5es metropolitanas pesquisadas, neste caso apresentando decl\u00ednio tanto na compara\u00e7\u00e3o mensal (-1,9%, ou menos 428 mil pessoas); quanto em rela\u00e7\u00e3o a fevereiro de 2015 (-3,6%, ou menos 842 mil pessoas).<\/p>\n<p>Maior taxa de desemprego<\/p>\n<p>A taxa de desemprego de 8,2% apurada pelo IBGE em fevereiro \u00e9 a maior para os meses de fevereiro desde os 8,5% de 2009. \u00c9 tamb\u00e9m a maior varia\u00e7\u00e3o desde os 8,8% de maio do mesmo ano.<\/p>\n<p>O resultado de fevereiro de 2016 chega a ser 2,4 pontos percentuais superior ao percentual de desocupa\u00e7\u00e3o de fevereiro de 2015: 5,8%. Neste caso, \u00e9 o maior avan\u00e7o anual para o m\u00eas de toda a s\u00e9rie hist\u00f3rica iniciada em mar\u00e7o de 2002.<\/p>\n<p>Os dados indicam que o n\u00famero de trabalhadores com carteira de trabalho assinada no setor privado n\u00e3o apresentou varia\u00e7\u00e3o na compara\u00e7\u00e3o mensal, permanecendo em 11,4 milh\u00f5es. Quando comparado a fevereiro de 2015, h\u00e1 queda de 4,1% no emprego formal, redu\u00e7\u00e3o de 488 mil pessoas com carteira assinada no setor privado.<\/p>\n<p>Rendimento do trabalhador cai 7,5%<\/p>\n<p>Em fevereiro, o rendimento m\u00e9dio real habitual dos trabalhadores foi estimado em R$ 2.227,50, uma queda de 1,5% em rela\u00e7\u00e3o a janeiro, que foi de 2.262,51. Quando a compara\u00e7\u00e3o se d\u00e1 com fevereiro de 2015, o rendimento m\u00e9dio real habitual do trabalhador para o conjunto das seis principais regi\u00f5es metropolitanas do pa\u00eds (Rio, S\u00e3o Paulo, Recife, Salvador, Belo Horizonte e Porto Alegre) cai 7,5%. Na ocasi\u00e3o, este rendimento era de R$ 2.407,53.<\/p>\n<p>A massa de rendimento m\u00e9dio real habitual das pessoas ocupadas em fevereiro deste ano foi estimada em R$ 50,8 bilh\u00f5es, resultado 3,4% abaixo da estimada em janeiro. Na compara\u00e7\u00e3o anual, essa estimativa recuou 11,2%.<\/p>\n<p>Regi\u00f5es metropolitanas<\/p>\n<p>Entre as seis regi\u00f5es metropolitanas envolvidas na Pesquisa Mensal de Emprego, o IBGE constatou alta na taxa de desocupa\u00e7\u00e3o apenas em S\u00e3o Paulo, onde o desemprego subiu de 8,1% para 9,3%. A mesma taxa ficou est\u00e1vel nas demais regi\u00f5es na compara\u00e7\u00e3o fevereiro\/janeiro de 2016.<\/p>\n<p>Frente a fevereiro de 2015, no entanto, houve crescimento da taxa em todas as regi\u00f5es, com destaque para a Regi\u00e3o Metropolitana do Recife, onde o desemprego aumentou 3,4 pontos percentuais (de 7% para 10,4%); em S\u00e3o Paulo (de 6,1% para 9,3%; em Belo Horizonte (de 4,9% para 7,2%); em Salvador (de 10,8% para 12,6%); em Porto Alegre (de 4,7% para 6,4%); e no Rio de Janeiro (de 4,2% para 5,2%).<\/p>\n<p>Substitui\u00e7\u00e3o de pesquisa<\/p>\n<p>Est\u00e1 foi a \u00faltima vez que o IBGE divulgou a Pesquisa Mensal de Emprego. Ela ser\u00e1 substitu\u00edda pela Pesquisa Nacional por Amostra de Domic\u00edlios (Pnad Cont\u00ednua), que apura os n\u00fameros do desemprego em 211 mil domic\u00edlios de 3.464 munic\u00edpios em todo o pa\u00eds.<\/p>\n<p>Para Cimar Azeredo, coordenador de trabalho e rendimento do IBGE, este \u00e9 \u201cum momento bastante emocionante e hist\u00f3rico dentro da institui\u00e7\u00e3o\u201d. A pesquisa foi implantada em 1980 e est\u00e1 completando 36 anos.<\/p>\n<p>\u201cEssa pesquisa nasceu pequena, tinha o objetivo de atingir pelo menos nove regi\u00f5es metropolitanas, mas por quest\u00f5es de recursos, n\u00e3o foi poss\u00edvel. A partir de 2002, conseguiu fazer uma s\u00e9rie de estudos para conhecer o perfil de mercado de trabalho. Ela vai ser substitu\u00edda pela Pnad Cont\u00ednua, que vem permitir que tenhamos a curto prazo informa\u00e7\u00f5es do mercado de trabalho em n\u00edvel nacional\u201d, disse Cimar.<\/p>\n<p>Desde a data de implanta\u00e7\u00e3o que o levantamento, com a divulga\u00e7\u00e3o mensal de seus indicadores, vinha sendo uma das principais fontes para o acompanhamento do comportamento conjuntural do mercado de trabalho nas seis maiores regi\u00f5es metropolitanas do Pa\u00eds.<\/p>\n<p>\u201cTais indicadores permitiram, ao longo de 36 anos, avaliar as flutua\u00e7\u00f5es e as tend\u00eancias da for\u00e7a de trabalho nas seis regi\u00f5es metropolitanas\u201d, estabelecendo-se, na avalia\u00e7\u00e3o do economista, \u201ccomo um indicativo \u00e1gil dos efeitos da conjuntura econ\u00f4mica na inser\u00e7\u00e3o da popula\u00e7\u00e3o no mercado de trabalho e, dessa forma, como um dos par\u00e2metros para o planejamento socioecon\u00f4mico do pa\u00eds\u201d.<\/p>\n<p> Nielmar de Oliveira &#8211; Rep\u00f3rter da Ag\u00eancia Brasil<br \/>\nEdi\u00e7\u00e3o: Kleber Sampaio<br \/>\n24\/03\/2016<\/p>\n","protected":false},"excerpt":{"rendered":"<p>A taxa de desocupa\u00e7\u00e3o para o conjunto das seis principais regi\u00f5es metropolitanas do pa\u00eds analisadas pela Pesquisa Mensal de Emprego (PME) subiu 0,6 ponto percentual de janeiro para fevereiro, quando fechou em 8,2% da popula\u00e7\u00e3o economicamente ativa &#8211; percentual de pessoas desocupadas. O levantamento envolveu S\u00e3o Paulo, Rio de Janeiro, Recife, Salvador, Belo Horizonte e [&hellip;]<\/p>\n","protected":false},"author":2,"featured_media":57582,"comment_status":"open","ping_status":"closed","sticky":false,"template":"","format":"standard","meta":{"_genesis_hide_title":false,"_genesis_hide_breadcrumbs":false,"_genesis_hide_singular_image":false,"_genesis_hide_footer_widgets":false,"_genesis_custom_body_class":"","_genesis_custom_post_class":"","_genesis_layout":"","_jetpack_memberships_contains_paid_content":false,"footnotes":""},"categories":[22,7],"tags":[],"class_list":{"0":"post-82983","1":"post","2":"type-post","3":"status-publish","4":"format-standard","5":"has-post-thumbnail","7":"category-brasil","8":"category-economia","9":"entry","10":"gs-1","11":"gs-odd","12":"gs-even","13":"gs-featured-content-entry"},"jetpack_featured_media_url":"https:\/\/www.redenoticia.com.br\/noticia\/imagens\/grafico1.jpg","jetpack_sharing_enabled":true,"jetpack_likes_enabled":true,"_links":{"self":[{"href":"https:\/\/www.redenoticia.com.br\/noticia\/wp-json\/wp\/v2\/posts\/82983","targetHints":{"allow":["GET"]}}],"collection":[{"href":"https:\/\/www.redenoticia.com.br\/noticia\/wp-json\/wp\/v2\/posts"}],"about":[{"href":"https:\/\/www.redenoticia.com.br\/noticia\/wp-json\/wp\/v2\/types\/post"}],"author":[{"embeddable":true,"href":"https:\/\/www.redenoticia.com.br\/noticia\/wp-json\/wp\/v2\/users\/2"}],"replies":[{"embeddable":true,"href":"https:\/\/www.redenoticia.com.br\/noticia\/wp-json\/wp\/v2\/comments?post=82983"}],"version-history":[{"count":0,"href":"https:\/\/www.redenoticia.com.br\/noticia\/wp-json\/wp\/v2\/posts\/82983\/revisions"}],"wp:featuredmedia":[{"embeddable":true,"href":"https:\/\/www.redenoticia.com.br\/noticia\/wp-json\/wp\/v2\/media\/57582"}],"wp:attachment":[{"href":"https:\/\/www.redenoticia.com.br\/noticia\/wp-json\/wp\/v2\/media?parent=82983"}],"wp:term":[{"taxonomy":"category","embeddable":true,"href":"https:\/\/www.redenoticia.com.br\/noticia\/wp-json\/wp\/v2\/categories?post=82983"},{"taxonomy":"post_tag","embeddable":true,"href":"https:\/\/www.redenoticia.com.br\/noticia\/wp-json\/wp\/v2\/tags?post=82983"}],"curies":[{"name":"wp","href":"https:\/\/api.w.org\/{rel}","templated":true}]}}