{"id":82900,"date":"2016-03-23T10:08:12","date_gmt":"2016-03-23T13:08:12","guid":{"rendered":"http:\/\/www.redenoticia.com.br\/noticia\/?p=82900"},"modified":"2016-03-22T18:14:42","modified_gmt":"2016-03-22T21:14:42","slug":"vegetacao-nativa-auxilia-na-qualidade-dos-recursos-hidricos","status":"publish","type":"post","link":"https:\/\/www.redenoticia.com.br\/noticia\/2016\/vegetacao-nativa-auxilia-na-qualidade-dos-recursos-hidricos\/82900","title":{"rendered":"Vegeta\u00e7\u00e3o nativa auxilia na qualidade dos recursos h\u00eddricos"},"content":{"rendered":"<p>A presen\u00e7a de <strong><em>cobertura vegetal em bacias hidrogr\u00e1ficas<\/em><\/strong> traz a regulariza\u00e7\u00e3o dos rios e a melhora na qualidade da \u00e1gua. Desta preocupa\u00e7\u00e3o surgiu o Programa Nascentes, desenvolvido pelo Governo do Estado de S\u00e3o Paulo, que tem o objetivo de restaurar 20 mil hectares de matas ciliares.<\/p>\n<p>Proteger seis mil quil\u00f4metros de cursos d&#8217;\u00e1gua: o programa tem o objetivo de aliar conserva\u00e7\u00e3o da biodiversidade \u00e0 qualidade da \u00e1gua. O projeto envolve propriet\u00e1rios locais, prefeituras, sindicatos, ONGs, secretarias de Estado, associa\u00e7\u00f5es e cooperativas. A iniciativa do Governo do Estado, por meio da Secretaria do Meio Ambiente, conta com investimentos p\u00fablicos e privados.<\/p>\n<p>Dispostas ao longo das margens dos cursos d&#8217;\u00e1gua, as matas ciliares s\u00e3o importantes pois formam uma interface din\u00e2mica entre os sistemas aqu\u00e1ticos e terrestres, trazendo benef\u00edcios como a diminui\u00e7\u00e3o do escoamento superficial das \u00e1guas das chuvas, o que acaba minimizando os processos erosivos e favorecendo a conserva\u00e7\u00e3o dos recursos h\u00eddricos.<\/p>\n<p>Inicialmente, as a\u00e7\u00f5es do governo abrangem as bacias hidrogr\u00e1ficas do Alto Tiet\u00ea, Para\u00edba do Sul e Piracicaba\/Capivari\/Jundia\u00ed, regi\u00f5es que concentram mais de 30 milh\u00f5es de habitantes. Nesta etapa, o objetivo \u00e9 recuperar 4.464 hectares de matas ciliares, uma \u00e1rea equivalente a 5.400 campos de futebol, utilizando 6,3 milh\u00f5es de mudas de esp\u00e9cies nativas.<\/p>\n<p>O  aconteceu no munic\u00edpio de Piracaia, na Bacia Hidrogr\u00e1fica dos rios Piracicaba\/Capivari\/Jundia\u00ed (Bacia PCJ). A previs\u00e3o \u00e9 que sejam plantadas mudas em 10,22 hectares de \u00e1reas ciliares em seis propriedades rurais, pr\u00f3ximas da Represa da Cachoeira.<\/p>\n<p>J\u00e1 a  pretende promover a restaura\u00e7\u00e3o ecol\u00f3gica de 371 hectares de matas ciliares na bacia hidrogr\u00e1fica do Rio Para\u00edba do Sul. No total, ser\u00e3o utilizadas 618.983 mudas de 80 esp\u00e9cies nativas da Mata Atl\u00e2ntica que ser\u00e3o plantadas em 10 \u00e1reas localizadas no reservat\u00f3rio da Usina Hidrel\u00e9trica Jaguari, pertencente \u00e0 Companhia Energ\u00e9tica de S\u00e3o Paulo (Cesp).<\/p>\n<p>Com a , o Programa Nascentes avan\u00e7ou mais um pouco com a frente de trabalho na cidade de Joan\u00f3polis. A nova etapa ser\u00e1 executada em tr\u00eas propriedades particulares, totalizando 10,01 hectares, na Bacia Hidrogr\u00e1fica dos Rios Piracicaba, Capivari e Jundia\u00ed (PCJ), uma das regi\u00f5es priorit\u00e1rias do programa por apresentar grande demanda de \u00e1gua para abastecimento p\u00fablico.<\/p>\n<p>No munic\u00edpio de Sales\u00f3polis, a  do Programa visa a recupera\u00e7\u00e3o ecol\u00f3gica de 66 hectares de matas ciliares ao longo do reservat\u00f3rio de Paraitinga, integrante do Sistema Produtor do Alto Tiet\u00ea. No total, ser\u00e3o utilizadas 110 mil mudas de 80 esp\u00e9cies nativas da Mata Atl\u00e2ntica. Para isso, ser\u00e3o investidos R$ 3,1 milh\u00f5es.<\/p>\n<p>Para mais informa\u00e7\u00f5es sobre o programa acesse o .<\/p>\n<p>Do Portal do Governo do Estado SP<\/p>\n","protected":false},"excerpt":{"rendered":"<p>A presen\u00e7a de cobertura vegetal em bacias hidrogr\u00e1ficas traz a regulariza\u00e7\u00e3o dos rios e a melhora na qualidade da \u00e1gua. Desta preocupa\u00e7\u00e3o surgiu o Programa Nascentes, desenvolvido pelo Governo do Estado de S\u00e3o Paulo, que tem o objetivo de restaurar 20 mil hectares de matas ciliares. Proteger seis mil quil\u00f4metros de cursos d&#8217;\u00e1gua: o programa [&hellip;]<\/p>\n","protected":false},"author":2,"featured_media":34905,"comment_status":"open","ping_status":"closed","sticky":false,"template":"","format":"standard","meta":{"_genesis_hide_title":false,"_genesis_hide_breadcrumbs":false,"_genesis_hide_singular_image":false,"_genesis_hide_footer_widgets":false,"_genesis_custom_body_class":"","_genesis_custom_post_class":"","_genesis_layout":"","_jetpack_memberships_contains_paid_content":false,"footnotes":""},"categories":[22],"tags":[],"class_list":{"0":"post-82900","1":"post","2":"type-post","3":"status-publish","4":"format-standard","5":"has-post-thumbnail","7":"category-brasil","8":"entry","9":"gs-1","10":"gs-odd","11":"gs-even","12":"gs-featured-content-entry"},"jetpack_featured_media_url":"https:\/\/www.redenoticia.com.br\/noticia\/imagens\/codigo-florestal.jpg","jetpack_sharing_enabled":true,"jetpack_likes_enabled":true,"_links":{"self":[{"href":"https:\/\/www.redenoticia.com.br\/noticia\/wp-json\/wp\/v2\/posts\/82900","targetHints":{"allow":["GET"]}}],"collection":[{"href":"https:\/\/www.redenoticia.com.br\/noticia\/wp-json\/wp\/v2\/posts"}],"about":[{"href":"https:\/\/www.redenoticia.com.br\/noticia\/wp-json\/wp\/v2\/types\/post"}],"author":[{"embeddable":true,"href":"https:\/\/www.redenoticia.com.br\/noticia\/wp-json\/wp\/v2\/users\/2"}],"replies":[{"embeddable":true,"href":"https:\/\/www.redenoticia.com.br\/noticia\/wp-json\/wp\/v2\/comments?post=82900"}],"version-history":[{"count":0,"href":"https:\/\/www.redenoticia.com.br\/noticia\/wp-json\/wp\/v2\/posts\/82900\/revisions"}],"wp:featuredmedia":[{"embeddable":true,"href":"https:\/\/www.redenoticia.com.br\/noticia\/wp-json\/wp\/v2\/media\/34905"}],"wp:attachment":[{"href":"https:\/\/www.redenoticia.com.br\/noticia\/wp-json\/wp\/v2\/media?parent=82900"}],"wp:term":[{"taxonomy":"category","embeddable":true,"href":"https:\/\/www.redenoticia.com.br\/noticia\/wp-json\/wp\/v2\/categories?post=82900"},{"taxonomy":"post_tag","embeddable":true,"href":"https:\/\/www.redenoticia.com.br\/noticia\/wp-json\/wp\/v2\/tags?post=82900"}],"curies":[{"name":"wp","href":"https:\/\/api.w.org\/{rel}","templated":true}]}}