{"id":82842,"date":"2016-03-22T10:27:27","date_gmt":"2016-03-22T13:27:27","guid":{"rendered":"http:\/\/www.redenoticia.com.br\/noticia\/?p=82842"},"modified":"2016-03-21T20:58:32","modified_gmt":"2016-03-21T23:58:32","slug":"mercado-estima-que-inflacao-feche-o-ano-em-743","status":"publish","type":"post","link":"https:\/\/www.redenoticia.com.br\/noticia\/2016\/mercado-estima-que-inflacao-feche-o-ano-em-743\/82842","title":{"rendered":"Mercado estima que infla\u00e7\u00e3o feche o ano em 7,43%"},"content":{"rendered":"<p> Analistas e investidores do mercado financeiro reduziram, pela segunda semana seguida, a estimativa de <strong><em>infla\u00e7\u00e3o<\/em><\/strong> medida pelo \u00cdndice de Pre\u00e7os ao Consumidor Amplo (IPCA). A nova perspectiva agora \u00e9 de 7,43% ante os 7,46% previstos anteriormente.<\/p>\n<p>Para 2017, a estimativa segue em 6%, de acordo com o boletim Focus, publica\u00e7\u00e3o divulgada semanalmente \u00e0s segundas-feiras pelo Banco Central (BC), com base em proje\u00e7\u00f5es de institui\u00e7\u00f5es financeiras para os principais indicadores econ\u00f4micos. O c\u00e1lculo inflacion\u00e1rio permanece distante do centro da meta de 4,5% e, neste ano, supera o teto de 6,5%. Em 2017, o limite superior da meta em 2017 \u00e9 6%.<\/p>\n<p>A proje\u00e7\u00e3o para a taxa b\u00e1sica de juros, a Selic, permanece em 14,25% ao ano, em 2016, e, para 2017, em 12,50% ao ano. Os pre\u00e7os administrados, regulados pelo governo, como a gasolina e o g\u00e1s de cozinha, tiveram suas estimativas reduzidas de 7,40 % para 7,20%. A taxa de c\u00e2mbio esperada em dezembro chega a R$ 4,20.<\/p>\n<p>Crescimento<br \/>\nA proje\u00e7\u00e3o de institui\u00e7\u00f5es financeiras para a queda da economia este ano piorou mais uma vez e passou de 3,54% para 3,60%. Para 2017, a estimativa de crescimento do Produto Interno Bruto (PIB), a soma de todas as riquezas produzidas pelo pa\u00eds, foi reduzida de 0,50% para 0,44%. Para a produ\u00e7\u00e3o industrial, a estimativa \u00e9 de uma queda de 4,50% em 2016.<\/p>\n<p>Setor Externo<br \/>\nAs perspectivas para o d\u00e9ficit em conta corrente, um dos principais indicadores das transa\u00e7\u00f5es do Brasil com outros pa\u00edses, melhoraram e passaram de US$ 24,10 bilh\u00f5es para US$ 21,21 bilh\u00f5es, com o saldo da balan\u00e7a comercial em US$ 42,40 bilh\u00f5es. N\u00e3o houve altera\u00e7\u00e3o na proje\u00e7\u00e3o para os investimentos estrangeiros diretos, mantidos em US$ 55 bilh\u00f5es.<\/p>\n<p>Daniel Lima &#8211; Rep\u00f3rter da Ag\u00eancia Brasil<br \/>\nEdi\u00e7\u00e3o: Kleber Sampaio<br \/>\n22\/03\/2016<\/p>\n","protected":false},"excerpt":{"rendered":"<p>Analistas e investidores do mercado financeiro reduziram, pela segunda semana seguida, a estimativa de infla\u00e7\u00e3o medida pelo \u00cdndice de Pre\u00e7os ao Consumidor Amplo (IPCA). A nova perspectiva agora \u00e9 de 7,43% ante os 7,46% previstos anteriormente. Para 2017, a estimativa segue em 6%, de acordo com o boletim Focus, publica\u00e7\u00e3o divulgada semanalmente \u00e0s segundas-feiras pelo [&hellip;]<\/p>\n","protected":false},"author":2,"featured_media":57584,"comment_status":"open","ping_status":"closed","sticky":false,"template":"","format":"standard","meta":{"_genesis_hide_title":false,"_genesis_hide_breadcrumbs":false,"_genesis_hide_singular_image":false,"_genesis_hide_footer_widgets":false,"_genesis_custom_body_class":"","_genesis_custom_post_class":"","_genesis_layout":"","_jetpack_memberships_contains_paid_content":false,"footnotes":""},"categories":[22,7],"tags":[],"class_list":{"0":"post-82842","1":"post","2":"type-post","3":"status-publish","4":"format-standard","5":"has-post-thumbnail","7":"category-brasil","8":"category-economia","9":"entry","10":"gs-1","11":"gs-odd","12":"gs-even","13":"gs-featured-content-entry"},"jetpack_featured_media_url":"https:\/\/www.redenoticia.com.br\/noticia\/imagens\/economia-grafica-analise-inflacao.jpg","jetpack_sharing_enabled":true,"jetpack_likes_enabled":true,"_links":{"self":[{"href":"https:\/\/www.redenoticia.com.br\/noticia\/wp-json\/wp\/v2\/posts\/82842","targetHints":{"allow":["GET"]}}],"collection":[{"href":"https:\/\/www.redenoticia.com.br\/noticia\/wp-json\/wp\/v2\/posts"}],"about":[{"href":"https:\/\/www.redenoticia.com.br\/noticia\/wp-json\/wp\/v2\/types\/post"}],"author":[{"embeddable":true,"href":"https:\/\/www.redenoticia.com.br\/noticia\/wp-json\/wp\/v2\/users\/2"}],"replies":[{"embeddable":true,"href":"https:\/\/www.redenoticia.com.br\/noticia\/wp-json\/wp\/v2\/comments?post=82842"}],"version-history":[{"count":0,"href":"https:\/\/www.redenoticia.com.br\/noticia\/wp-json\/wp\/v2\/posts\/82842\/revisions"}],"wp:featuredmedia":[{"embeddable":true,"href":"https:\/\/www.redenoticia.com.br\/noticia\/wp-json\/wp\/v2\/media\/57584"}],"wp:attachment":[{"href":"https:\/\/www.redenoticia.com.br\/noticia\/wp-json\/wp\/v2\/media?parent=82842"}],"wp:term":[{"taxonomy":"category","embeddable":true,"href":"https:\/\/www.redenoticia.com.br\/noticia\/wp-json\/wp\/v2\/categories?post=82842"},{"taxonomy":"post_tag","embeddable":true,"href":"https:\/\/www.redenoticia.com.br\/noticia\/wp-json\/wp\/v2\/tags?post=82842"}],"curies":[{"name":"wp","href":"https:\/\/api.w.org\/{rel}","templated":true}]}}