{"id":82840,"date":"2016-03-22T10:25:43","date_gmt":"2016-03-22T13:25:43","guid":{"rendered":"http:\/\/www.redenoticia.com.br\/noticia\/?p=82840"},"modified":"2016-03-21T20:57:21","modified_gmt":"2016-03-21T23:57:21","slug":"brasil-e-embaixada-dos-eua-promovem-curso-antiterror-para-olimpiada-2016","status":"publish","type":"post","link":"https:\/\/www.redenoticia.com.br\/noticia\/2016\/brasil-e-embaixada-dos-eua-promovem-curso-antiterror-para-olimpiada-2016\/82840","title":{"rendered":"Brasil e Embaixada dos EUA promovem curso antiterror para Olimp\u00edada 2016"},"content":{"rendered":"<p> Um curso promovido pela Secretaria Extraordin\u00e1ria de Seguran\u00e7a para Grandes Eventos (Sesge), em conjunto com a Pol\u00edcia Federal e Embaixada dos Estados Unidos, apresentou para 70 profissionais das for\u00e7as de seguran\u00e7a que atuar\u00e3o nos <strong><em>Jogos Ol\u00edmpicos<\/em><\/strong> instru\u00e7\u00f5es para responder a ataques terroristas, a partir de estudos de casos.<\/p>\n<p>As informa\u00e7\u00f5es foram divulgadas pelo Minist\u00e9rio da Justi\u00e7a. A promo\u00e7\u00e3o do curso, na semana passada, foi do Escrit\u00f3rio de Assist\u00eancia Antiterrorismo (ATA), da Secretaria de Seguran\u00e7a Diplom\u00e1tica do Departamento de Estado Americano.<\/p>\n<p>As discuss\u00f5es durante o treinamento tomaram como par\u00e2metro o atentado de 11 de setembro de 2001, em Nova York, o massacre escolar de Columbine, em 1999, tamb\u00e9m nos Estados Unidos, e o ataque de g\u00e1s sarin no metr\u00f4 de T\u00f3quio, em 1995.<\/p>\n<p>O curso, denominado Primeira Resposta a Incidentes Terroristas, teve nove m\u00f3dulos, com aulas te\u00f3ricas e exerc\u00edcios pr\u00e1ticos. Entre os 70 profissionais que participaram estavam policiais militares, civis e bombeiros.<\/p>\n<p>Vin\u00edcius Lisboa &#8211; Rep\u00f3rter da Ag\u00eancia Brasil<br \/>\nEdi\u00e7\u00e3o: Armando Cardoso<br \/>\n22\/03\/2016<\/p>\n","protected":false},"excerpt":{"rendered":"<p>Um curso promovido pela Secretaria Extraordin\u00e1ria de Seguran\u00e7a para Grandes Eventos (Sesge), em conjunto com a Pol\u00edcia Federal e Embaixada dos Estados Unidos, apresentou para 70 profissionais das for\u00e7as de seguran\u00e7a que atuar\u00e3o nos Jogos Ol\u00edmpicos instru\u00e7\u00f5es para responder a ataques terroristas, a partir de estudos de casos. As informa\u00e7\u00f5es foram divulgadas pelo Minist\u00e9rio da [&hellip;]<\/p>\n","protected":false},"author":2,"featured_media":39880,"comment_status":"open","ping_status":"closed","sticky":false,"template":"","format":"standard","meta":{"_genesis_hide_title":false,"_genesis_hide_breadcrumbs":false,"_genesis_hide_singular_image":false,"_genesis_hide_footer_widgets":false,"_genesis_custom_body_class":"","_genesis_custom_post_class":"","_genesis_layout":"","_jetpack_memberships_contains_paid_content":false,"footnotes":""},"categories":[22],"tags":[],"class_list":{"0":"post-82840","1":"post","2":"type-post","3":"status-publish","4":"format-standard","5":"has-post-thumbnail","7":"category-brasil","8":"entry","9":"gs-1","10":"gs-odd","11":"gs-even","12":"gs-featured-content-entry"},"jetpack_featured_media_url":"https:\/\/www.redenoticia.com.br\/noticia\/imagens\/olimpiadas.jpg","jetpack_sharing_enabled":true,"jetpack_likes_enabled":true,"_links":{"self":[{"href":"https:\/\/www.redenoticia.com.br\/noticia\/wp-json\/wp\/v2\/posts\/82840","targetHints":{"allow":["GET"]}}],"collection":[{"href":"https:\/\/www.redenoticia.com.br\/noticia\/wp-json\/wp\/v2\/posts"}],"about":[{"href":"https:\/\/www.redenoticia.com.br\/noticia\/wp-json\/wp\/v2\/types\/post"}],"author":[{"embeddable":true,"href":"https:\/\/www.redenoticia.com.br\/noticia\/wp-json\/wp\/v2\/users\/2"}],"replies":[{"embeddable":true,"href":"https:\/\/www.redenoticia.com.br\/noticia\/wp-json\/wp\/v2\/comments?post=82840"}],"version-history":[{"count":0,"href":"https:\/\/www.redenoticia.com.br\/noticia\/wp-json\/wp\/v2\/posts\/82840\/revisions"}],"wp:featuredmedia":[{"embeddable":true,"href":"https:\/\/www.redenoticia.com.br\/noticia\/wp-json\/wp\/v2\/media\/39880"}],"wp:attachment":[{"href":"https:\/\/www.redenoticia.com.br\/noticia\/wp-json\/wp\/v2\/media?parent=82840"}],"wp:term":[{"taxonomy":"category","embeddable":true,"href":"https:\/\/www.redenoticia.com.br\/noticia\/wp-json\/wp\/v2\/categories?post=82840"},{"taxonomy":"post_tag","embeddable":true,"href":"https:\/\/www.redenoticia.com.br\/noticia\/wp-json\/wp\/v2\/tags?post=82840"}],"curies":[{"name":"wp","href":"https:\/\/api.w.org\/{rel}","templated":true}]}}