{"id":82731,"date":"2016-03-21T10:58:13","date_gmt":"2016-03-21T13:58:13","guid":{"rendered":"http:\/\/www.redenoticia.com.br\/noticia\/?p=82731"},"modified":"2016-03-20T17:00:17","modified_gmt":"2016-03-20T20:00:17","slug":"arrecadacao-de-impostos-tem-queda-real-de-1153-em-fevereiro","status":"publish","type":"post","link":"https:\/\/www.redenoticia.com.br\/noticia\/2016\/arrecadacao-de-impostos-tem-queda-real-de-1153-em-fevereiro\/82731","title":{"rendered":"Arrecada\u00e7\u00e3o de impostos tem queda real de 11,53% em fevereiro"},"content":{"rendered":"<p> O governo federal arrecadou R$ 87,851 bilh\u00f5es em <em><strong>impostos e contribui\u00e7\u00f5es<\/strong><\/em> em fevereiro de 2016. O resultado representa queda real de 11,53 % em rela\u00e7\u00e3o ao mesmo per\u00edodo de 2015, com corre\u00e7\u00e3o pelo \u00cdndice Nacional de Pre\u00e7os ao Consumidor Amplo (IPCA), utilizado pelo governo para estabelecer as metas de infla\u00e7\u00e3o.<\/p>\n<p>\u00c9 o pior resultado para fevereiro desde 2010. Os dados foram divulgados pela Receita Federal. No acumulado de janeiro e fevereiro de 2016, o valor chegou a R$ 217,236 bilh\u00f5es, com queda pelo IPCA de 8,71%<\/p>\n<p>Raz\u00f5es<\/p>\n<p>Segundo a Receita, entre os principais fatores que influenciaram a arrecada\u00e7\u00e3o em fevereiro est\u00e1 a queda na arrecada\u00e7\u00e3o do Imposto de Renda Pessoa Jur\u00eddica (Irpj) e da Contribui\u00e7\u00e3o Social Sobre o Lucro L\u00edquido, um indicativo importante do setor produtivo. A queda real nesses dois tributos chegou a 35,91% em fevereiro. O Imposto sobre Produtos Industrializados (IPI), registrou redu\u00e7\u00e3o de 16,21%, com destaque para IPI-Bebidas (-31,26%), IPI-Autom\u00f3veis (-67,31%) e IPI-Outros (-15,35%).<\/p>\n<p>A Contribui\u00e7\u00e3o para o Financiamento da Seguridade Social (Cofins) registrou recuo real de 10,07% e a do PIS\/Pasep, diminui\u00e7\u00e3o de 9,08%. A arrecada\u00e7\u00e3o Previdenci\u00e1ria nesse mesmo contexto caiu 5,62%<\/p>\n<p>Outro fator que teve influ\u00eancia na queda da arrecada\u00e7\u00e3o, quando se faz uma compara\u00e7\u00e3o com fevereiro de 2015, \u00e9 que houve uma arrecada\u00e7\u00e3o extraordin\u00e1ria naquele per\u00edodo de cerca de R$ 4,64 bilh\u00f5es, em decorr\u00eancia de transfer\u00eancia de ativos entre empresas, o que n\u00e3o ocorreu em fevereiro de 2016.<\/p>\n<p>Daniel Lima &#8211; Rep\u00f3rter da Ag\u00eancia Brasil<br \/>\nEdi\u00e7\u00e3o: Kleber Sampaio<br \/>\n21\/03\/2016<\/p>\n","protected":false},"excerpt":{"rendered":"<p>O governo federal arrecadou R$ 87,851 bilh\u00f5es em impostos e contribui\u00e7\u00f5es em fevereiro de 2016. O resultado representa queda real de 11,53 % em rela\u00e7\u00e3o ao mesmo per\u00edodo de 2015, com corre\u00e7\u00e3o pelo \u00cdndice Nacional de Pre\u00e7os ao Consumidor Amplo (IPCA), utilizado pelo governo para estabelecer as metas de infla\u00e7\u00e3o. \u00c9 o pior resultado para [&hellip;]<\/p>\n","protected":false},"author":2,"featured_media":38938,"comment_status":"open","ping_status":"closed","sticky":false,"template":"","format":"standard","meta":{"_genesis_hide_title":false,"_genesis_hide_breadcrumbs":false,"_genesis_hide_singular_image":false,"_genesis_hide_footer_widgets":false,"_genesis_custom_body_class":"","_genesis_custom_post_class":"","_genesis_layout":"","_jetpack_memberships_contains_paid_content":false,"footnotes":""},"categories":[22,7],"tags":[],"class_list":{"0":"post-82731","1":"post","2":"type-post","3":"status-publish","4":"format-standard","5":"has-post-thumbnail","7":"category-brasil","8":"category-economia","9":"entry","10":"gs-1","11":"gs-odd","12":"gs-even","13":"gs-featured-content-entry"},"jetpack_featured_media_url":"https:\/\/www.redenoticia.com.br\/noticia\/imagens\/economia1.jpg","jetpack_sharing_enabled":true,"jetpack_likes_enabled":true,"_links":{"self":[{"href":"https:\/\/www.redenoticia.com.br\/noticia\/wp-json\/wp\/v2\/posts\/82731","targetHints":{"allow":["GET"]}}],"collection":[{"href":"https:\/\/www.redenoticia.com.br\/noticia\/wp-json\/wp\/v2\/posts"}],"about":[{"href":"https:\/\/www.redenoticia.com.br\/noticia\/wp-json\/wp\/v2\/types\/post"}],"author":[{"embeddable":true,"href":"https:\/\/www.redenoticia.com.br\/noticia\/wp-json\/wp\/v2\/users\/2"}],"replies":[{"embeddable":true,"href":"https:\/\/www.redenoticia.com.br\/noticia\/wp-json\/wp\/v2\/comments?post=82731"}],"version-history":[{"count":0,"href":"https:\/\/www.redenoticia.com.br\/noticia\/wp-json\/wp\/v2\/posts\/82731\/revisions"}],"wp:featuredmedia":[{"embeddable":true,"href":"https:\/\/www.redenoticia.com.br\/noticia\/wp-json\/wp\/v2\/media\/38938"}],"wp:attachment":[{"href":"https:\/\/www.redenoticia.com.br\/noticia\/wp-json\/wp\/v2\/media?parent=82731"}],"wp:term":[{"taxonomy":"category","embeddable":true,"href":"https:\/\/www.redenoticia.com.br\/noticia\/wp-json\/wp\/v2\/categories?post=82731"},{"taxonomy":"post_tag","embeddable":true,"href":"https:\/\/www.redenoticia.com.br\/noticia\/wp-json\/wp\/v2\/tags?post=82731"}],"curies":[{"name":"wp","href":"https:\/\/api.w.org\/{rel}","templated":true}]}}