{"id":82721,"date":"2016-03-21T10:44:00","date_gmt":"2016-03-21T13:44:00","guid":{"rendered":"http:\/\/www.redenoticia.com.br\/noticia\/?p=82721"},"modified":"2016-03-20T16:45:39","modified_gmt":"2016-03-20T19:45:39","slug":"universidade-de-bolonha-busca-ampliar-parcerias-com-universidades-paulistas","status":"publish","type":"post","link":"https:\/\/www.redenoticia.com.br\/noticia\/2016\/universidade-de-bolonha-busca-ampliar-parcerias-com-universidades-paulistas\/82721","title":{"rendered":"Universidade de Bolonha busca ampliar parcerias com universidades paulistas"},"content":{"rendered":"<p> Ag\u00eancia FAPESP \u2013 As <em><strong>oportunidades de apoio conjunto a projetos de pesquisas<\/strong><\/em> envolvendo pesquisadores italianos e brasileiros foram o tema central da visita do reitor da Universidade de Bolonha (Unibo), Francesco Ubertini, \u00e0 FAPESP.<\/p>\n<p>Acompanhado por Roberto Bruno, adido cient\u00edfico da Embaixada da It\u00e1lia em Bras\u00edlia, Alessandra Scagliarini, pr\u00f3-reitora de Rela\u00e7\u00f5es Internacionais, e Fabio Fava, delegado para Pesquisa Industrial, Coopera\u00e7\u00e3o Territorial e Inova\u00e7\u00e3o da Unibo, Ubertini foi recebido pelo presidente da Funda\u00e7\u00e3o, Jos\u00e9 Goldemberg, e pelo vice-presidente Eduardo Moacyr Krieger.<\/p>\n<p>Tamb\u00e9m fizeram parte da reuni\u00e3o Carlos Eduardo Lins da Silva, assessor da presid\u00eancia, Bruna Cers\u00f3zimo Arenque Musa, gerente de \u00e1rea de Ci\u00eancias Biol\u00f3gicas e Agr\u00e1rias da Diretoria Cient\u00edfica (DC) da FAPESP, e Marie-Anne Van Sluys, coordenadora adjunta da DC, que exp\u00f4s \u00e0 delega\u00e7\u00e3o italiana um perfil do sistema de ci\u00eancia e tecnologia do Estado.<\/p>\n<p>Os mecanismos de financiamento a pesquisas da FAPESP, incluindo programas espec\u00edficos mantidos pela Funda\u00e7\u00e3o, tamb\u00e9m fizeram parte da apresenta\u00e7\u00e3o, com destaque aos acordos e pesquisas em colabora\u00e7\u00e3o envolvendo institui\u00e7\u00f5es internacionais.<\/p>\n<p>Em sua primeira visita a institui\u00e7\u00f5es de outros pa\u00edses como reitor, Ubertini disse que S\u00e3o Paulo ocupa um lugar estrat\u00e9gico para a expans\u00e3o das pesquisas conjuntas da Unibo com institui\u00e7\u00f5es no exterior. \u201cEm outubro vamos reunir reitores de diversas universidades latino-americanas na Universidade de S\u00e3o Paulo para a primeira edi\u00e7\u00e3o fora da It\u00e1lia da Magna Carta Universit\u00e0, evento que re\u00fane diretores de diferentes universidades para discutir os princ\u00edpios fundamentais e a voca\u00e7\u00e3o da universidade do futuro\u201d.<\/p>\n<p>De acordo com Ubertini, a colabora\u00e7\u00e3o futura dever\u00e1 envolver tamb\u00e9m empresas italianas com atua\u00e7\u00e3o em S\u00e3o Paulo. Para isso, algumas \u00e1reas ser\u00e3o definidas e dever\u00e3o receber aten\u00e7\u00e3o tamb\u00e9m por meio da Funda\u00e7\u00e3o Cultural \u00cdtalo-Brasileira (Fibra), cuja sede est\u00e1 situada junto \u00e0 sede hist\u00f3rica da Universidade de Bolonha.<\/p>\n<p>\u201cA Fibra \u00e9 financiada por institui\u00e7\u00f5es p\u00fablicas e privadas e busca contribuir para atender ao interesse crescente da sociedade italiana pelo Brasil, um pa\u00eds comprometido com a produ\u00e7\u00e3o de conhecimento, o desenvolvimento e a justi\u00e7a social\u201d, disse.<\/p>\n<p>Para Goldemberg, a produ\u00e7\u00e3o de conhecimento fomentada pela Unibo precede a universidade, conhecida pela excel\u00eancia de suas pesquisas. \u201c\u00c9 uma honra receber os representantes da Universidade de Bolonha, com quem certamente haver\u00e1 muitas oportunidades de pesquisas em conjunto com as universidades paulistas\u201d. Para isso, uma chamada conjunta de propostas de pesquisa ser\u00e1 lan\u00e7ada em 2016, na esfera do acordo firmado em 2014 entre a FAPESP e a Universidade de Bolonha.<\/p>\n<p>Atualmente com cerca de 100 mil alunos em suas 23 escolas, a Universidade de Bolonha possui campi em Imola, Ravenna, Forl\u00ec, Cesena e Rimini e um centro em Buenos Aires, na Argentina. Chamada oficialmente Alma Mater Studiorum, ela oferece cursos de Artes, Direito, Medicina, Farm\u00e1cia, Matem\u00e1tica, Engenharia, Agronomia, Medicina Veterin\u00e1ria, Arquitetura e Pedagogia. O semi\u00f3logo e escritor italiano Umberto Eco, recentemente falecido, foi o titular da cadeira de Semi\u00f3tica na universidade.<\/p>\n<p>Em S\u00e3o Paulo, al\u00e9m da FAPESP, a delega\u00e7\u00e3o italiana manteve encontros com o reitor da USP, Marco Antonio Zago, e representantes da Secretaria de Estado da Educa\u00e7\u00e3o.<\/p>\n","protected":false},"excerpt":{"rendered":"<p>Ag\u00eancia FAPESP \u2013 As oportunidades de apoio conjunto a projetos de pesquisas envolvendo pesquisadores italianos e brasileiros foram o tema central da visita do reitor da Universidade de Bolonha (Unibo), Francesco Ubertini, \u00e0 FAPESP. Acompanhado por Roberto Bruno, adido cient\u00edfico da Embaixada da It\u00e1lia em Bras\u00edlia, Alessandra Scagliarini, pr\u00f3-reitora de Rela\u00e7\u00f5es Internacionais, e Fabio Fava, [&hellip;]<\/p>\n","protected":false},"author":2,"featured_media":36246,"comment_status":"open","ping_status":"closed","sticky":false,"template":"","format":"standard","meta":{"_genesis_hide_title":false,"_genesis_hide_breadcrumbs":false,"_genesis_hide_singular_image":false,"_genesis_hide_footer_widgets":false,"_genesis_custom_body_class":"","_genesis_custom_post_class":"","_genesis_layout":"","_jetpack_memberships_contains_paid_content":false,"footnotes":""},"categories":[22],"tags":[],"class_list":{"0":"post-82721","1":"post","2":"type-post","3":"status-publish","4":"format-standard","5":"has-post-thumbnail","7":"category-brasil","8":"entry","9":"gs-1","10":"gs-odd","11":"gs-even","12":"gs-featured-content-entry"},"jetpack_featured_media_url":"https:\/\/www.redenoticia.com.br\/noticia\/imagens\/professor-a.jpg","jetpack_sharing_enabled":true,"jetpack_likes_enabled":true,"_links":{"self":[{"href":"https:\/\/www.redenoticia.com.br\/noticia\/wp-json\/wp\/v2\/posts\/82721","targetHints":{"allow":["GET"]}}],"collection":[{"href":"https:\/\/www.redenoticia.com.br\/noticia\/wp-json\/wp\/v2\/posts"}],"about":[{"href":"https:\/\/www.redenoticia.com.br\/noticia\/wp-json\/wp\/v2\/types\/post"}],"author":[{"embeddable":true,"href":"https:\/\/www.redenoticia.com.br\/noticia\/wp-json\/wp\/v2\/users\/2"}],"replies":[{"embeddable":true,"href":"https:\/\/www.redenoticia.com.br\/noticia\/wp-json\/wp\/v2\/comments?post=82721"}],"version-history":[{"count":0,"href":"https:\/\/www.redenoticia.com.br\/noticia\/wp-json\/wp\/v2\/posts\/82721\/revisions"}],"wp:featuredmedia":[{"embeddable":true,"href":"https:\/\/www.redenoticia.com.br\/noticia\/wp-json\/wp\/v2\/media\/36246"}],"wp:attachment":[{"href":"https:\/\/www.redenoticia.com.br\/noticia\/wp-json\/wp\/v2\/media?parent=82721"}],"wp:term":[{"taxonomy":"category","embeddable":true,"href":"https:\/\/www.redenoticia.com.br\/noticia\/wp-json\/wp\/v2\/categories?post=82721"},{"taxonomy":"post_tag","embeddable":true,"href":"https:\/\/www.redenoticia.com.br\/noticia\/wp-json\/wp\/v2\/tags?post=82721"}],"curies":[{"name":"wp","href":"https:\/\/api.w.org\/{rel}","templated":true}]}}