{"id":82633,"date":"2016-03-18T10:54:15","date_gmt":"2016-03-18T13:54:15","guid":{"rendered":"http:\/\/www.redenoticia.com.br\/noticia\/?p=82633"},"modified":"2016-03-17T17:55:28","modified_gmt":"2016-03-17T20:55:28","slug":"piora-estimativa-de-deficit-primario-mostra-pesquisa","status":"publish","type":"post","link":"https:\/\/www.redenoticia.com.br\/noticia\/2016\/piora-estimativa-de-deficit-primario-mostra-pesquisa\/82633","title":{"rendered":"Piora estimativa de d\u00e9ficit prim\u00e1rio, mostra pesquisa"},"content":{"rendered":"<p> Institui\u00e7\u00f5es financeiras consultadas pelo Minist\u00e9rio da Fazenda estimam que o <strong><em>d\u00e9ficit prim\u00e1rio<\/em><\/strong> do Governo Central (Tesouro Nacional, Previd\u00eancia Social e Banco Central) termine este ano em R$ 79,473 bilh\u00f5es ante os R$ 70,751 bilh\u00f5es divulgados em fevereiro. O resultado est\u00e1 bem distante da meta para este ano, que \u00e9 de super\u00e1vit prim\u00e1rio, receitas maiores que despesas, exclu\u00eddos gastos com juros, de R$ 24 bilh\u00f5es.<\/p>\n<p>A proje\u00e7\u00e3o consta da quarta edi\u00e7\u00e3o da pesquisa Prisma Fiscal, elaborada pela Secretaria de Pol\u00edtica Econ\u00f4mica do Minist\u00e9rio da Fazenda, com base em informa\u00e7\u00f5es de 30 institui\u00e7\u00f5es financeiras. O estudo foi divulgado em Bras\u00edlia. Para 2017, a estimativa de d\u00e9ficit passou de R$ 42,084 bilh\u00f5es para R$ 71,329 bilh\u00f5es.<\/p>\n<p>A proje\u00e7\u00e3o para a arrecada\u00e7\u00e3o federal este ano caiu de R$ 1,294 trilh\u00e3o para R$ 1,285 trilh\u00e3o. Para 2017, a estimativa foi reduzida de R$ 1,390 para 1,388 trilh\u00e3o.<\/p>\n<p>Para a receita l\u00edquida do Governo Central, a estimativa \u00e9 R$ 1,102 trilh\u00e3o este ano e R$ 1,190 trilh\u00e3o no pr\u00f3ximo ano. Para as despesas, a expectativa \u00e9 R$ 1,184 trilh\u00e3o este ano e R$ 1,268 trilh\u00e3o em 2017.<\/p>\n<p>A pesquisa apresenta tamb\u00e9m a proje\u00e7\u00e3o para a d\u00edvida bruta do Governo Central que, na avalia\u00e7\u00e3o das institui\u00e7\u00f5es financeiras, deve passar de 73,99% do Produto Interno Bruto (PIB) para 74,15% este ano. Para 2017, a estimativa mudou de 78,50% para 78,75% do PIB.<\/p>\n<p>Daniel Lima &#8211; Rep\u00f3rter da Ag\u00eancia Brasil<br \/>\nEdi\u00e7\u00e3o: Gra\u00e7a Adjuto<br \/>\n18\/03\/2016<\/p>\n","protected":false},"excerpt":{"rendered":"<p>Institui\u00e7\u00f5es financeiras consultadas pelo Minist\u00e9rio da Fazenda estimam que o d\u00e9ficit prim\u00e1rio do Governo Central (Tesouro Nacional, Previd\u00eancia Social e Banco Central) termine este ano em R$ 79,473 bilh\u00f5es ante os R$ 70,751 bilh\u00f5es divulgados em fevereiro. O resultado est\u00e1 bem distante da meta para este ano, que \u00e9 de super\u00e1vit prim\u00e1rio, receitas maiores que [&hellip;]<\/p>\n","protected":false},"author":2,"featured_media":38938,"comment_status":"open","ping_status":"closed","sticky":false,"template":"","format":"standard","meta":{"_genesis_hide_title":false,"_genesis_hide_breadcrumbs":false,"_genesis_hide_singular_image":false,"_genesis_hide_footer_widgets":false,"_genesis_custom_body_class":"","_genesis_custom_post_class":"","_genesis_layout":"","_jetpack_memberships_contains_paid_content":false,"footnotes":""},"categories":[22,7],"tags":[],"class_list":{"0":"post-82633","1":"post","2":"type-post","3":"status-publish","4":"format-standard","5":"has-post-thumbnail","7":"category-brasil","8":"category-economia","9":"entry","10":"gs-1","11":"gs-odd","12":"gs-even","13":"gs-featured-content-entry"},"jetpack_featured_media_url":"https:\/\/www.redenoticia.com.br\/noticia\/imagens\/economia1.jpg","jetpack_sharing_enabled":true,"jetpack_likes_enabled":true,"_links":{"self":[{"href":"https:\/\/www.redenoticia.com.br\/noticia\/wp-json\/wp\/v2\/posts\/82633","targetHints":{"allow":["GET"]}}],"collection":[{"href":"https:\/\/www.redenoticia.com.br\/noticia\/wp-json\/wp\/v2\/posts"}],"about":[{"href":"https:\/\/www.redenoticia.com.br\/noticia\/wp-json\/wp\/v2\/types\/post"}],"author":[{"embeddable":true,"href":"https:\/\/www.redenoticia.com.br\/noticia\/wp-json\/wp\/v2\/users\/2"}],"replies":[{"embeddable":true,"href":"https:\/\/www.redenoticia.com.br\/noticia\/wp-json\/wp\/v2\/comments?post=82633"}],"version-history":[{"count":0,"href":"https:\/\/www.redenoticia.com.br\/noticia\/wp-json\/wp\/v2\/posts\/82633\/revisions"}],"wp:featuredmedia":[{"embeddable":true,"href":"https:\/\/www.redenoticia.com.br\/noticia\/wp-json\/wp\/v2\/media\/38938"}],"wp:attachment":[{"href":"https:\/\/www.redenoticia.com.br\/noticia\/wp-json\/wp\/v2\/media?parent=82633"}],"wp:term":[{"taxonomy":"category","embeddable":true,"href":"https:\/\/www.redenoticia.com.br\/noticia\/wp-json\/wp\/v2\/categories?post=82633"},{"taxonomy":"post_tag","embeddable":true,"href":"https:\/\/www.redenoticia.com.br\/noticia\/wp-json\/wp\/v2\/tags?post=82633"}],"curies":[{"name":"wp","href":"https:\/\/api.w.org\/{rel}","templated":true}]}}