{"id":82631,"date":"2016-03-18T10:53:03","date_gmt":"2016-03-18T13:53:03","guid":{"rendered":"http:\/\/www.redenoticia.com.br\/noticia\/?p=82631"},"modified":"2016-03-17T17:54:09","modified_gmt":"2016-03-17T20:54:09","slug":"ibge-diz-que-suinos-e-frangos-tem-abate-recorde-em-2015","status":"publish","type":"post","link":"https:\/\/www.redenoticia.com.br\/noticia\/2016\/ibge-diz-que-suinos-e-frangos-tem-abate-recorde-em-2015\/82631","title":{"rendered":"IBGE diz que su\u00ednos e frangos t\u00eam abate recorde em 2015"},"content":{"rendered":"<p> O <strong><em>abate de su\u00ednos<\/em><\/strong> cresceu 5,7% e o de frango 5,4% em 2015 na compara\u00e7\u00e3o com 2014, estabelecendo novos recordes. Os dados foram divulgados pelo Instituto Brasileiro de Geografia e Estat\u00edstica (IBGE) e fazem parte dos resultados do abate de animais, produ\u00e7\u00e3o de leite, couro e ovos referentes ao quarto trimestre do ano passado, divulgados juntamente com o fechamento de 2015.<\/p>\n<p>Em 2015, foram abatidas 39,26 milh\u00f5es de cabe\u00e7as de su\u00ednos, com a s\u00e9rie anual mostrando crescimento ininterrupto da atividade desde 2005, o que acabou culminando com o novo patamar recorde de 2015. O peso acumulado das carca\u00e7as de su\u00ednos alcan\u00e7ou 3,43 milh\u00f5es de toneladas em 2015, com aumento de 7,4% em rela\u00e7\u00e3o a 2014. Santa Catarina, Rio Grande do Sul e Paran\u00e1 foram lideraram o abate de su\u00ednos. Em rela\u00e7\u00e3o a 2014, Santa Catarina e Paran\u00e1 aumentaram o volume de cabe\u00e7as abatidas, enquanto o Rio Grande do Sul teve queda.<\/p>\n<p>Frangos<\/p>\n<p>O crescimento de 5,4% no abate de frangos, tamb\u00e9m um novo recorde, reflete o resultado acumulado no ano passado (abate de 5,79 bilh\u00f5es de cabe\u00e7as de frango), o que levou o segmento a alcan\u00e7ar um novo patamar recorde.<\/p>\n<p>O peso acumulado das carca\u00e7as no abate de frangos em 2015 alcan\u00e7ou 13,14 milh\u00f5es de toneladas, com alta de 5% em rela\u00e7\u00e3o a 2014. A produ\u00e7\u00e3o de frango cresceu continuamente de 1997 a 2015, com uma \u00fanica queda em 2009.<\/p>\n<p>Bois<\/p>\n<p>O abate de bovinos caiu 9,6% entre 2014 e 2015, com 30,64 milh\u00f5es de cabe\u00e7as contra 33,91 milh\u00f5es em 2014. A queda teve reflexos tamb\u00e9m na produ\u00e7\u00e3o de carca\u00e7as. Segundo o IBGE, a produ\u00e7\u00e3o de 7,49 milh\u00f5es de toneladas de carca\u00e7as bovinas em 2015 foi 7,1% menor que a do ano anterior (8,06 milh\u00f5es de toneladas).<\/p>\n<p>O abate de 3,27 milh\u00f5es de cabe\u00e7as de bovinos a menos no comparativo 2015\/2014 foi impulsionado por redu\u00e7\u00f5es em 23 das 27 Unidades da Federa\u00e7\u00e3o. As principais quedas foram em Mato Grosso (-811,42 mil cabe\u00e7as), Mato Grosso do Sul (-532,31 mil cabe\u00e7as) e S\u00e3o Paulo (-471,46 mil cabe\u00e7as). Mato Grosso, mesmo com queda de 15,2%, continuou liderando o ranking no pa\u00eds em 2015, seguido por Mato Grosso do Sul e Goi\u00e1s.<\/p>\n<p>Couro<\/p>\n<p>A compra de couro pelos curtumes analisados pela Pesquisa Trimestral do Couro caiu 10,5% em 2015. Segundo o IBGE, os curtumes analisados pela Pesquisa Trimestral do Couro &#8211; aqueles que curtem pelo menos 5.000 unidades inteiras de couro cru bovino por ano &#8211; declararam ter recebido 32,55 milh\u00f5es de pe\u00e7as inteiras de couro cru bovino. A quantidade foi 10,5% menor que a registrada no ano anterior.<\/p>\n<p>Leite<\/p>\n<p>A compra de leite tamb\u00e9m recuou entre 2014 e 2015 atingindo 24,05 bilh\u00f5es de litros no ano passado, queda de 2,8% em rela\u00e7\u00e3o a 2014. Minas Gerais foi respons\u00e1vel por 26,8% da aquisi\u00e7\u00e3o de leite. Em segundo lugar, o Rio Grande do Sul (14,5%). Em rela\u00e7\u00e3o a 2014, a queda da aquisi\u00e7\u00e3o de leite ocorreu em 21 das 27 unidades da federa\u00e7\u00e3o. Houve aumentos apenas em Pernambuco (6,1%), Rio de Janeiro (5,5%), S\u00e3o Paulo (3,3%), Santa Catarina (0,4%) e Rio Grande do Sul (1,7%).<\/p>\n<p>Ovos de galinha<\/p>\n<p>A produ\u00e7\u00e3o de ovos de galinha atingiu 2,92 bilh\u00f5es de d\u00fazias em 2015, um crescimento de 3,5% comparado a 2014. A produ\u00e7\u00e3o de ovos de galinha foi maior em todos os meses de 2015 se comparada a 2014.<\/p>\n<p>Nielmar de Oliveira &#8211; Rep\u00f3rter da Ag\u00eancia Brasil<br \/>\nEdi\u00e7\u00e3o: Kleber Sampaio<br \/>\n18\/03\/2016<\/p>\n","protected":false},"excerpt":{"rendered":"<p>O abate de su\u00ednos cresceu 5,7% e o de frango 5,4% em 2015 na compara\u00e7\u00e3o com 2014, estabelecendo novos recordes. Os dados foram divulgados pelo Instituto Brasileiro de Geografia e Estat\u00edstica (IBGE) e fazem parte dos resultados do abate de animais, produ\u00e7\u00e3o de leite, couro e ovos referentes ao quarto trimestre do ano passado, divulgados [&hellip;]<\/p>\n","protected":false},"author":2,"featured_media":57582,"comment_status":"open","ping_status":"closed","sticky":false,"template":"","format":"standard","meta":{"_genesis_hide_title":false,"_genesis_hide_breadcrumbs":false,"_genesis_hide_singular_image":false,"_genesis_hide_footer_widgets":false,"_genesis_custom_body_class":"","_genesis_custom_post_class":"","_genesis_layout":"","_jetpack_memberships_contains_paid_content":false,"footnotes":""},"categories":[22,7],"tags":[],"class_list":{"0":"post-82631","1":"post","2":"type-post","3":"status-publish","4":"format-standard","5":"has-post-thumbnail","7":"category-brasil","8":"category-economia","9":"entry","10":"gs-1","11":"gs-odd","12":"gs-even","13":"gs-featured-content-entry"},"jetpack_featured_media_url":"https:\/\/www.redenoticia.com.br\/noticia\/imagens\/grafico1.jpg","jetpack_sharing_enabled":true,"jetpack_likes_enabled":true,"_links":{"self":[{"href":"https:\/\/www.redenoticia.com.br\/noticia\/wp-json\/wp\/v2\/posts\/82631","targetHints":{"allow":["GET"]}}],"collection":[{"href":"https:\/\/www.redenoticia.com.br\/noticia\/wp-json\/wp\/v2\/posts"}],"about":[{"href":"https:\/\/www.redenoticia.com.br\/noticia\/wp-json\/wp\/v2\/types\/post"}],"author":[{"embeddable":true,"href":"https:\/\/www.redenoticia.com.br\/noticia\/wp-json\/wp\/v2\/users\/2"}],"replies":[{"embeddable":true,"href":"https:\/\/www.redenoticia.com.br\/noticia\/wp-json\/wp\/v2\/comments?post=82631"}],"version-history":[{"count":0,"href":"https:\/\/www.redenoticia.com.br\/noticia\/wp-json\/wp\/v2\/posts\/82631\/revisions"}],"wp:featuredmedia":[{"embeddable":true,"href":"https:\/\/www.redenoticia.com.br\/noticia\/wp-json\/wp\/v2\/media\/57582"}],"wp:attachment":[{"href":"https:\/\/www.redenoticia.com.br\/noticia\/wp-json\/wp\/v2\/media?parent=82631"}],"wp:term":[{"taxonomy":"category","embeddable":true,"href":"https:\/\/www.redenoticia.com.br\/noticia\/wp-json\/wp\/v2\/categories?post=82631"},{"taxonomy":"post_tag","embeddable":true,"href":"https:\/\/www.redenoticia.com.br\/noticia\/wp-json\/wp\/v2\/tags?post=82631"}],"curies":[{"name":"wp","href":"https:\/\/api.w.org\/{rel}","templated":true}]}}