{"id":82629,"date":"2016-03-18T10:51:39","date_gmt":"2016-03-18T13:51:39","guid":{"rendered":"http:\/\/www.redenoticia.com.br\/noticia\/?p=82629"},"modified":"2016-03-17T17:52:58","modified_gmt":"2016-03-17T20:52:58","slug":"serasa-experian-empresas-reduzem-busca-por-credito-em-mais-de-12","status":"publish","type":"post","link":"https:\/\/www.redenoticia.com.br\/noticia\/2016\/serasa-experian-empresas-reduzem-busca-por-credito-em-mais-de-12\/82629","title":{"rendered":"Serasa Experian: empresas reduzem busca por cr\u00e9dito em mais de 12%"},"content":{"rendered":"<p> As empresas instaladas no Brasil diminu\u00edram em 12,2% a busca por <strong><em>cr\u00e9dito<\/em><\/strong>, no \u00faltimo m\u00eas de fevereiro, comparado ao mesmo m\u00eas do ano passado, segundo mostra a pesquisa do Indicador Serasa Experian de Demanda das Empresas por Cr\u00e9dito. Na compara\u00e7\u00e3o com o m\u00eas anterior, no entanto, a demanda subiu 4,7%. No acumulado do ano em rela\u00e7\u00e3o ao mesmo per\u00edodo de 2015, a procura recuou 11,7%.<\/p>\n<p>Em fevereiro, as empresas de m\u00e9dio porte foram as que mais reduziram a procura (-21,8%), na compara\u00e7\u00e3o o mesmo per\u00edodo do ano passado. Em seguida, est\u00e3o as grandes companhias (-18%) e micro e pequenas empresas (-11,6%). J\u00e1 entre janeiro e fevereiro, as micro e pequenas empresas lideram com aumento de 4,9% na demanda; as empresas de m\u00e9dio porte indicaram alta de 0,7% e as grandes, uma redu\u00e7\u00e3o de 0,4%.<\/p>\n<p>Por setor, a maior queda na demanda anual foi na ind\u00fastria (-13,9%), seguida pelo com\u00e9rcio (-12,2%) e servi\u00e7os (-11,7%). O Centro-Oeste do pa\u00eds foi a regi\u00e3o com o recuo mais expressivo (-13,9%). No Sudeste, a procura caiu em 13,2%; seguido do Nordeste (-10,6%); Norte (-10,4%) e Sul (-9,9%).<\/p>\n<p>Na virada de janeiro para fevereiro, o segmento industrial apresentou crescimento de 4,1%; o com\u00e9rcio 6,3% e os servi\u00e7os 3%. A regi\u00e3o Norte foi a que mais buscou cr\u00e9dito (4,7%); no Sudeste e Sul a procura cresceu 4,5%; no Centro-Oeste (6,1%); e no Nordeste (6,2%).<\/p>\n<p>Em nota, os economistas da Serasa Experian afirmaram que \u201co aprofundamento da recess\u00e3o econ\u00f4mica, o elevado grau de incerteza e as taxas de juros dos empr\u00e9stimos cada vez mais elevadas, tem impactado negativamente a procura das empresas por cr\u00e9dito\u201d.<\/p>\n<p>Marli Moreira \u2013 Rep\u00f3rter da Ag\u00eancia Brasil<br \/>\nEdi\u00e7\u00e3o: Denise Griesinger<br \/>\n18\/03\/2016<\/p>\n","protected":false},"excerpt":{"rendered":"<p>As empresas instaladas no Brasil diminu\u00edram em 12,2% a busca por cr\u00e9dito, no \u00faltimo m\u00eas de fevereiro, comparado ao mesmo m\u00eas do ano passado, segundo mostra a pesquisa do Indicador Serasa Experian de Demanda das Empresas por Cr\u00e9dito. Na compara\u00e7\u00e3o com o m\u00eas anterior, no entanto, a demanda subiu 4,7%. No acumulado do ano em [&hellip;]<\/p>\n","protected":false},"author":2,"featured_media":57583,"comment_status":"open","ping_status":"closed","sticky":false,"template":"","format":"standard","meta":{"_genesis_hide_title":false,"_genesis_hide_breadcrumbs":false,"_genesis_hide_singular_image":false,"_genesis_hide_footer_widgets":false,"_genesis_custom_body_class":"","_genesis_custom_post_class":"","_genesis_layout":"","_jetpack_memberships_contains_paid_content":false,"footnotes":""},"categories":[22,7],"tags":[],"class_list":{"0":"post-82629","1":"post","2":"type-post","3":"status-publish","4":"format-standard","5":"has-post-thumbnail","7":"category-brasil","8":"category-economia","9":"entry","10":"gs-1","11":"gs-odd","12":"gs-even","13":"gs-featured-content-entry"},"jetpack_featured_media_url":"https:\/\/www.redenoticia.com.br\/noticia\/imagens\/economia-grafico.jpg","jetpack_sharing_enabled":true,"jetpack_likes_enabled":true,"_links":{"self":[{"href":"https:\/\/www.redenoticia.com.br\/noticia\/wp-json\/wp\/v2\/posts\/82629","targetHints":{"allow":["GET"]}}],"collection":[{"href":"https:\/\/www.redenoticia.com.br\/noticia\/wp-json\/wp\/v2\/posts"}],"about":[{"href":"https:\/\/www.redenoticia.com.br\/noticia\/wp-json\/wp\/v2\/types\/post"}],"author":[{"embeddable":true,"href":"https:\/\/www.redenoticia.com.br\/noticia\/wp-json\/wp\/v2\/users\/2"}],"replies":[{"embeddable":true,"href":"https:\/\/www.redenoticia.com.br\/noticia\/wp-json\/wp\/v2\/comments?post=82629"}],"version-history":[{"count":0,"href":"https:\/\/www.redenoticia.com.br\/noticia\/wp-json\/wp\/v2\/posts\/82629\/revisions"}],"wp:featuredmedia":[{"embeddable":true,"href":"https:\/\/www.redenoticia.com.br\/noticia\/wp-json\/wp\/v2\/media\/57583"}],"wp:attachment":[{"href":"https:\/\/www.redenoticia.com.br\/noticia\/wp-json\/wp\/v2\/media?parent=82629"}],"wp:term":[{"taxonomy":"category","embeddable":true,"href":"https:\/\/www.redenoticia.com.br\/noticia\/wp-json\/wp\/v2\/categories?post=82629"},{"taxonomy":"post_tag","embeddable":true,"href":"https:\/\/www.redenoticia.com.br\/noticia\/wp-json\/wp\/v2\/tags?post=82629"}],"curies":[{"name":"wp","href":"https:\/\/api.w.org\/{rel}","templated":true}]}}