{"id":82571,"date":"2016-03-17T13:36:52","date_gmt":"2016-03-17T16:36:52","guid":{"rendered":"http:\/\/www.redenoticia.com.br\/noticia\/?p=82571"},"modified":"2016-03-17T13:36:52","modified_gmt":"2016-03-17T16:36:52","slug":"partidos-definem-nomes-que-vao-compor-a-comissao-do-pedido-de-impeachment","status":"publish","type":"post","link":"https:\/\/www.redenoticia.com.br\/noticia\/2016\/partidos-definem-nomes-que-vao-compor-a-comissao-do-pedido-de-impeachment\/82571","title":{"rendered":"Partidos definem nomes que v\u00e3o compor a comiss\u00e3o do pedido de impeachment"},"content":{"rendered":"<p><img loading=\"lazy\" decoding=\"async\" src=\"https:\/\/www.redenoticia.com.br\/noticia\/imagens\/dilma-foto-wilson-dias-abr-150x96.jpg\" alt=\"dilma foto wilson dias abr\" width=\"150\" height=\"96\" class=\"alignleft size-thumbnail wp-image-34796\" srcset=\"https:\/\/www.redenoticia.com.br\/noticia\/imagens\/dilma-foto-wilson-dias-abr-150x96.jpg 150w, https:\/\/www.redenoticia.com.br\/noticia\/imagens\/dilma-foto-wilson-dias-abr-250x161.jpg 250w, https:\/\/www.redenoticia.com.br\/noticia\/imagens\/dilma-foto-wilson-dias-abr.jpg 301w\" sizes=\"auto, (max-width: 150px) 100vw, 150px\" \/> A comiss\u00e3o que analisar\u00e1 o pedido de <strong><em>impeachment da presidenta Dilma<\/em><\/strong> Rousseff definiu alguns dos integrantes que v\u00e3o integrar o colegiado. Em reuni\u00e3o na manh\u00e3 de hoje, o PSDB, DEM, PSD, PR, Solidariedade, PT e o PSB chegaram aos nomes que v\u00e3o compor a comiss\u00e3o.<\/p>\n<p>Com menos pol\u00eamicas internas, o PSDB confirmou os nomes que j\u00e1 tinham sido indicados: Carlos Sampaio (SP), l\u00edder do partido na Casa, Bruno Covas (SP), Nilson Leit\u00e3o (MT), Paulo Abi-Ackel (MG), Valdir Rossoni (PR) e Sh\u00e9ridan (RR). O DEM tamb\u00e9m confirmou os nomes de Mendon\u00e7a Filho (PE), Rodrigo Maia (RJ) e Elmar Nascimento (BA).<\/p>\n<p>Na mesma linha, o PSB confirmou nomes que estavam na lista apresentada no ano passado, quando a comiss\u00e3o chegou a ser eleita e anulada por questionamentos em torno das chapas avulsas, n\u00e3o indicadas pelos l\u00edderes. Pelo PSB, est\u00e3o os deputados Bebeto (BA), Tadeu Alencar (CE), Danilo Fortes (CE) e Fernando Bezerra (PE).<\/p>\n<p>O PR confirmou os nomes de Maur\u00edcio Quintella (PR-AL), Aelton Freitas (PR-MG), \u00c9dio Lopes (RR) e Zenaide Maia (RN).<\/p>\n<p>O Solidariedade confirmou Paulinho da For\u00e7a (SP), Fernando Franscichini (PR).<\/p>\n<p>O PT confirmou Jos\u00e9 Geraldo (PA), Pepe Vargas (RS), Arlindo Chinaglia (SP), Henrique Fontana (RS), Jos\u00e9 Mentor (SP), Paulo Teixeira (SP), Vicente Candido (SP), Wadih Damous (RJ).<\/p>\n<p>A Lideran\u00e7a do PSD informou que o l\u00edder Rog\u00e9rio Rosso (DF) junto com os deputados J\u00falio C\u00e9sar (PI), Paulo Magalh\u00e3es (BA) e Marcos Montes (MG) ser\u00e3o membros titulares da Comiss\u00e3o.<\/p>\n<p>A comiss\u00e3o ser\u00e1 formada por 65 deputados titulares e outros 65 suplentes indicados pelos respectivos l\u00edderes das bancadas, de acordo com o tamanho dos partidos na C\u00e2mara. Com a janela partid\u00e1ria que permite at\u00e9 amanh\u00e3 (18) a troca de legendas, sem san\u00e7\u00f5es para os parlamentares, a Mesa Diretora da Casa redistribuiu o n\u00famero de vagas.<\/p>\n<p>Para evitar questionamentos jur\u00eddicos, a redistribui\u00e7\u00e3o foi feita entre todos os partidos, evitando que uma vaga de partidos que perderam a representa\u00e7\u00e3o na C\u00e2mara, como PNM e PTC, que est\u00e3o sem deputados, ficasse dentro do bloco do qual participavam. Para ser eleita, a chapa precisar\u00e1 da maioria simples dos votos, desde que votem no m\u00ednimo 257 deputados<\/p>\n<p> Carolina Gon\u00e7alves &#8211; Rep\u00f3rter da Ag\u00eancia Brasil<br \/>\nEdi\u00e7\u00e3o: Lana Cristina<br \/>\n17\/03\/2016<\/p>\n","protected":false},"excerpt":{"rendered":"<p>A comiss\u00e3o que analisar\u00e1 o pedido de impeachment da presidenta Dilma Rousseff definiu alguns dos integrantes que v\u00e3o integrar o colegiado. Em reuni\u00e3o na manh\u00e3 de hoje, o PSDB, DEM, PSD, PR, Solidariedade, PT e o PSB chegaram aos nomes que v\u00e3o compor a comiss\u00e3o. Com menos pol\u00eamicas internas, o PSDB confirmou os nomes que [&hellip;]<\/p>\n","protected":false},"author":2,"featured_media":34796,"comment_status":"open","ping_status":"closed","sticky":false,"template":"","format":"standard","meta":{"_genesis_hide_title":false,"_genesis_hide_breadcrumbs":false,"_genesis_hide_singular_image":false,"_genesis_hide_footer_widgets":false,"_genesis_custom_body_class":"","_genesis_custom_post_class":"","_genesis_layout":"","_jetpack_memberships_contains_paid_content":false,"footnotes":""},"categories":[22],"tags":[],"class_list":{"0":"post-82571","1":"post","2":"type-post","3":"status-publish","4":"format-standard","5":"has-post-thumbnail","7":"category-brasil","8":"entry","9":"gs-1","10":"gs-odd","11":"gs-even","12":"gs-featured-content-entry"},"jetpack_featured_media_url":"https:\/\/www.redenoticia.com.br\/noticia\/imagens\/dilma-foto-wilson-dias-abr.jpg","jetpack_sharing_enabled":true,"jetpack_likes_enabled":true,"_links":{"self":[{"href":"https:\/\/www.redenoticia.com.br\/noticia\/wp-json\/wp\/v2\/posts\/82571","targetHints":{"allow":["GET"]}}],"collection":[{"href":"https:\/\/www.redenoticia.com.br\/noticia\/wp-json\/wp\/v2\/posts"}],"about":[{"href":"https:\/\/www.redenoticia.com.br\/noticia\/wp-json\/wp\/v2\/types\/post"}],"author":[{"embeddable":true,"href":"https:\/\/www.redenoticia.com.br\/noticia\/wp-json\/wp\/v2\/users\/2"}],"replies":[{"embeddable":true,"href":"https:\/\/www.redenoticia.com.br\/noticia\/wp-json\/wp\/v2\/comments?post=82571"}],"version-history":[{"count":0,"href":"https:\/\/www.redenoticia.com.br\/noticia\/wp-json\/wp\/v2\/posts\/82571\/revisions"}],"wp:featuredmedia":[{"embeddable":true,"href":"https:\/\/www.redenoticia.com.br\/noticia\/wp-json\/wp\/v2\/media\/34796"}],"wp:attachment":[{"href":"https:\/\/www.redenoticia.com.br\/noticia\/wp-json\/wp\/v2\/media?parent=82571"}],"wp:term":[{"taxonomy":"category","embeddable":true,"href":"https:\/\/www.redenoticia.com.br\/noticia\/wp-json\/wp\/v2\/categories?post=82571"},{"taxonomy":"post_tag","embeddable":true,"href":"https:\/\/www.redenoticia.com.br\/noticia\/wp-json\/wp\/v2\/tags?post=82571"}],"curies":[{"name":"wp","href":"https:\/\/api.w.org\/{rel}","templated":true}]}}