{"id":82563,"date":"2016-03-17T10:55:30","date_gmt":"2016-03-17T13:55:30","guid":{"rendered":"http:\/\/www.redenoticia.com.br\/noticia\/?p=82563"},"modified":"2016-03-16T18:56:11","modified_gmt":"2016-03-16T21:56:11","slug":"industrias-paulistas-demitem-27-mil-em-dois-meses","status":"publish","type":"post","link":"https:\/\/www.redenoticia.com.br\/noticia\/2016\/industrias-paulistas-demitem-27-mil-em-dois-meses\/82563","title":{"rendered":"Ind\u00fastrias paulistas demitem 27 mil em dois meses"},"content":{"rendered":"<p> O <strong><em>n\u00edvel de emprego na ind\u00fastria paulista<\/em><\/strong> registrou varia\u00e7\u00e3o negativa em 0,53% de janeiro para fevereiro. Somente em fevereiro, registrou-se o fechamento de 12 mil postos de trabalho. Nos dois primeiros meses deste ano, foram 27 mil empregos a menos, segundo a Pesquisa de N\u00edvel de Emprego do Estado de S\u00e3o Paulo, divulgada pelo Departamento de Pesquisas e Estudos Econ\u00f4micos (Depecon), da Federa\u00e7\u00e3o das Ind\u00fastrias do Estado de S\u00e3o Paulo (Fiesp) e do Centro das Ind\u00fastrias do Estado de S\u00e3o Paulo (Ciesp).<\/p>\n<p>\u201c\u00c9 um come\u00e7o de ano bem ruim\u201d, diz o economista titular do Depecon, Paulo Francini, que tamb\u00e9m destacou que o m\u00eas \u201cconsegue ser o pior\u201d entre os meses de fevereiro da s\u00e9rie.<\/p>\n<p>Nos \u00faltimos 12 meses, a queda no n\u00edvel de emprego na ind\u00fastria paulista foi de 8,27% e, na compara\u00e7\u00e3o com o mesmo per\u00edodo do ano passado, houve queda de 10,18%. Neste per\u00edodo, foram demitidos 257,5 mil empregados na ind\u00fastria paulista. Esta \u00e9 a 53\u00aa queda seguida do indicador e a pior taxa de sua s\u00e9rie hist\u00f3rica nesta base de compara\u00e7\u00e3o: pela primeira vez a queda interanual do n\u00edvel de emprego na ind\u00fastria ultrapassa os 10%.<\/p>\n<p>Estabilidade<\/p>\n<p>Dos 22 setores em que se divide a pesquisa, 17 tiveram queda no n\u00edvel de emprego, tr\u00eas apresentaram crescimento, e dois, estabilidade. O setor de produtos aliment\u00edcios criou 4.287 vagas, o maior saldo positivo. Contribuiu para isso o segmento de a\u00e7\u00facar e \u00e1lcool, que n\u00e3o contratava desde junho de 2015 e admitiu 3.578 trabalhadores em fevereiro.<\/p>\n<p>Tamb\u00e9m contrataram o setor de couro e cal\u00e7ados (1.099 vagas a mais), no segundo m\u00eas consecutivo de alta, e coque, derivados do petr\u00f3leo e biocombust\u00edveis (626 trabalhadores). A perda mais elevada foi em metalurgia (-4.502 vagas, varia\u00e7\u00e3o negativa de 7,5%).<\/p>\n<p>Das 36 regi\u00f5es paulistas consultadas, 26 (72% do total) registraram baixas no emprego. As que mais demitiram foram Cubat\u00e3o (-11,11%), Santa B\u00e1rbara D\u2019Oeste (-4,45%) e Santo Andr\u00e9 (-2,39%). Sete regi\u00f5es contrataram (com destaque para Ja\u00fa, com 2,59%, S\u00e3o Carlos, 2,42%, e Franca, 2,22%), e tr\u00eas ficaram est\u00e1veis.<\/p>\n<p>Fl\u00e1via Albuquerque &#8211; Rep\u00f3rter da Ag\u00eancia Brasil<br \/>\nEdi\u00e7\u00e3o: Kleber Sampaio<br \/>\n17\/03\/2016<\/p>\n","protected":false},"excerpt":{"rendered":"<p>O n\u00edvel de emprego na ind\u00fastria paulista registrou varia\u00e7\u00e3o negativa em 0,53% de janeiro para fevereiro. Somente em fevereiro, registrou-se o fechamento de 12 mil postos de trabalho. Nos dois primeiros meses deste ano, foram 27 mil empregos a menos, segundo a Pesquisa de N\u00edvel de Emprego do Estado de S\u00e3o Paulo, divulgada pelo Departamento [&hellip;]<\/p>\n","protected":false},"author":2,"featured_media":57582,"comment_status":"open","ping_status":"closed","sticky":false,"template":"","format":"standard","meta":{"_genesis_hide_title":false,"_genesis_hide_breadcrumbs":false,"_genesis_hide_singular_image":false,"_genesis_hide_footer_widgets":false,"_genesis_custom_body_class":"","_genesis_custom_post_class":"","_genesis_layout":"","_jetpack_memberships_contains_paid_content":false,"footnotes":""},"categories":[22,7],"tags":[],"class_list":{"0":"post-82563","1":"post","2":"type-post","3":"status-publish","4":"format-standard","5":"has-post-thumbnail","7":"category-brasil","8":"category-economia","9":"entry","10":"gs-1","11":"gs-odd","12":"gs-even","13":"gs-featured-content-entry"},"jetpack_featured_media_url":"https:\/\/www.redenoticia.com.br\/noticia\/imagens\/grafico1.jpg","jetpack_sharing_enabled":true,"jetpack_likes_enabled":true,"_links":{"self":[{"href":"https:\/\/www.redenoticia.com.br\/noticia\/wp-json\/wp\/v2\/posts\/82563","targetHints":{"allow":["GET"]}}],"collection":[{"href":"https:\/\/www.redenoticia.com.br\/noticia\/wp-json\/wp\/v2\/posts"}],"about":[{"href":"https:\/\/www.redenoticia.com.br\/noticia\/wp-json\/wp\/v2\/types\/post"}],"author":[{"embeddable":true,"href":"https:\/\/www.redenoticia.com.br\/noticia\/wp-json\/wp\/v2\/users\/2"}],"replies":[{"embeddable":true,"href":"https:\/\/www.redenoticia.com.br\/noticia\/wp-json\/wp\/v2\/comments?post=82563"}],"version-history":[{"count":0,"href":"https:\/\/www.redenoticia.com.br\/noticia\/wp-json\/wp\/v2\/posts\/82563\/revisions"}],"wp:featuredmedia":[{"embeddable":true,"href":"https:\/\/www.redenoticia.com.br\/noticia\/wp-json\/wp\/v2\/media\/57582"}],"wp:attachment":[{"href":"https:\/\/www.redenoticia.com.br\/noticia\/wp-json\/wp\/v2\/media?parent=82563"}],"wp:term":[{"taxonomy":"category","embeddable":true,"href":"https:\/\/www.redenoticia.com.br\/noticia\/wp-json\/wp\/v2\/categories?post=82563"},{"taxonomy":"post_tag","embeddable":true,"href":"https:\/\/www.redenoticia.com.br\/noticia\/wp-json\/wp\/v2\/tags?post=82563"}],"curies":[{"name":"wp","href":"https:\/\/api.w.org\/{rel}","templated":true}]}}