{"id":82561,"date":"2016-03-17T10:54:33","date_gmt":"2016-03-17T13:54:33","guid":{"rendered":"http:\/\/www.redenoticia.com.br\/noticia\/?p=82561"},"modified":"2016-03-16T18:55:27","modified_gmt":"2016-03-16T21:55:27","slug":"intencao-de-consumo-das-familias-cai-em-marco","status":"publish","type":"post","link":"https:\/\/www.redenoticia.com.br\/noticia\/2016\/intencao-de-consumo-das-familias-cai-em-marco\/82561","title":{"rendered":"Inten\u00e7\u00e3o de consumo das fam\u00edlias cai em mar\u00e7o"},"content":{"rendered":"<p> As fam\u00edlias brasileiras pretendem consumir menos neste m\u00eas de mar\u00e7o, revelou pesquisa da Confedera\u00e7\u00e3o Nacional do Com\u00e9rcio de Bens, Servi\u00e7os e Turismo (CNC). A <strong><em>Inten\u00e7\u00e3o de Consumo das Fam\u00edlias<\/em><\/strong> (ICF) registrou queda de 1,6% em mar\u00e7o, na compara\u00e7\u00e3o com fevereiro, ficando em 77,5 pontos, em uma escala de 0 a 200. O \u00edndice permanece menor que 100 pontos, ou seja, abaixo do n\u00edvel de indiferen\u00e7a.<\/p>\n<p>Esse \u00e9 o primeiro recuo de inten\u00e7\u00e3o de consumo em 2016. \u201cEm janeiro e fevereiro tivemos um pequeno aumento, mas a tend\u00eancia \u00e9 de queda\u201d, disse a assessora econ\u00f4mica da CNC, Juliana Serapio. Na compara\u00e7\u00e3o anual, com mar\u00e7o de 2015, o recuo foi de 29,9%.<\/p>\n<p>A queda mensal do \u00edndice foi influenciada principalmente pelos componentes relacionados ao consumo \u2013 N\u00edvel de Consumo Atual e Perspectiva de Consumo \u2013 que registraram queda de 4,4% e 2,3%%, respectivamente. A CNC tamb\u00e9m trabalha com os \u00edndices Emprego Atual, Perspectiva Profissional, Renda Atual, Compra a Prazo e Momento para Dur\u00e1veis. Todos registraram queda nas compara\u00e7\u00f5es mensal e anual.<\/p>\n<p>Para Juliana, o pior componente, \u201ch\u00e1 muito tempo\u201d, \u00e9 o item Momento para Dur\u00e1veis. \u201cS\u00e3o itens de compra mais dependente de maior renda e que possuem taxas maiores de juros\u201d, explicou. O item apresentou queda de 2,2% na compara\u00e7\u00e3o mensal. Em rela\u00e7\u00e3o ao mesmo per\u00edodo de 2015, o componente recuou 46,2%.<\/p>\n<p>Segundo a CNC, a maior parte das fam\u00edlias, 72,1%, considera o momento atual desfavor\u00e1vel para a aquisi\u00e7\u00e3o de dur\u00e1veis. A previs\u00e3o da confedera\u00e7\u00e3o \u00e9 que o volume de vendas do varejo apresente retra\u00e7\u00e3o de 4,2% em 2016.<\/p>\n<p>A CNC destaca ainda que o indicador N\u00edvel de Consumo Atual atingiu o menor valor da s\u00e9rie, iniciada em 2010, de 53,3 pontos. A maior parte das fam\u00edlias, 59,2%, declarou estar com o n\u00edvel de consumo menor que o do ano passado.<\/p>\n<p>Consumo por regi\u00f5es<\/p>\n<p>Na base de compara\u00e7\u00e3o mensal, os dados regionais revelaram que a maior retra\u00e7\u00e3o da inten\u00e7\u00e3o de consumo ocorreu na regi\u00e3o Sul, com queda de 4,2%. J\u00e1 a regi\u00e3o Nordeste foi a que apresentou a avalia\u00e7\u00e3o menos desfavor\u00e1vel, com queda de 0,6%. Na compara\u00e7\u00e3o anual, o recuo foi maior na regi\u00e3o Sudeste, com queda de 32,9%. J\u00e1 a regi\u00e3o Centro-Oeste teve a menor varia\u00e7\u00e3o anual, com queda de 21,6%.<\/p>\n<p> Andreia Verd\u00e9lio \u2013 Rep\u00f3rter da Ag\u00eancia Brasil<br \/>\nEdi\u00e7\u00e3o: Maria Claudia<br \/>\n17\/03\/2016<\/p>\n","protected":false},"excerpt":{"rendered":"<p>As fam\u00edlias brasileiras pretendem consumir menos neste m\u00eas de mar\u00e7o, revelou pesquisa da Confedera\u00e7\u00e3o Nacional do Com\u00e9rcio de Bens, Servi\u00e7os e Turismo (CNC). A Inten\u00e7\u00e3o de Consumo das Fam\u00edlias (ICF) registrou queda de 1,6% em mar\u00e7o, na compara\u00e7\u00e3o com fevereiro, ficando em 77,5 pontos, em uma escala de 0 a 200. O \u00edndice permanece menor [&hellip;]<\/p>\n","protected":false},"author":2,"featured_media":57584,"comment_status":"open","ping_status":"closed","sticky":false,"template":"","format":"standard","meta":{"_genesis_hide_title":false,"_genesis_hide_breadcrumbs":false,"_genesis_hide_singular_image":false,"_genesis_hide_footer_widgets":false,"_genesis_custom_body_class":"","_genesis_custom_post_class":"","_genesis_layout":"","_jetpack_memberships_contains_paid_content":false,"footnotes":""},"categories":[22,7],"tags":[],"class_list":{"0":"post-82561","1":"post","2":"type-post","3":"status-publish","4":"format-standard","5":"has-post-thumbnail","7":"category-brasil","8":"category-economia","9":"entry","10":"gs-1","11":"gs-odd","12":"gs-even","13":"gs-featured-content-entry"},"jetpack_featured_media_url":"https:\/\/www.redenoticia.com.br\/noticia\/imagens\/economia-grafica-analise-inflacao.jpg","jetpack_sharing_enabled":true,"jetpack_likes_enabled":true,"_links":{"self":[{"href":"https:\/\/www.redenoticia.com.br\/noticia\/wp-json\/wp\/v2\/posts\/82561","targetHints":{"allow":["GET"]}}],"collection":[{"href":"https:\/\/www.redenoticia.com.br\/noticia\/wp-json\/wp\/v2\/posts"}],"about":[{"href":"https:\/\/www.redenoticia.com.br\/noticia\/wp-json\/wp\/v2\/types\/post"}],"author":[{"embeddable":true,"href":"https:\/\/www.redenoticia.com.br\/noticia\/wp-json\/wp\/v2\/users\/2"}],"replies":[{"embeddable":true,"href":"https:\/\/www.redenoticia.com.br\/noticia\/wp-json\/wp\/v2\/comments?post=82561"}],"version-history":[{"count":0,"href":"https:\/\/www.redenoticia.com.br\/noticia\/wp-json\/wp\/v2\/posts\/82561\/revisions"}],"wp:featuredmedia":[{"embeddable":true,"href":"https:\/\/www.redenoticia.com.br\/noticia\/wp-json\/wp\/v2\/media\/57584"}],"wp:attachment":[{"href":"https:\/\/www.redenoticia.com.br\/noticia\/wp-json\/wp\/v2\/media?parent=82561"}],"wp:term":[{"taxonomy":"category","embeddable":true,"href":"https:\/\/www.redenoticia.com.br\/noticia\/wp-json\/wp\/v2\/categories?post=82561"},{"taxonomy":"post_tag","embeddable":true,"href":"https:\/\/www.redenoticia.com.br\/noticia\/wp-json\/wp\/v2\/tags?post=82561"}],"curies":[{"name":"wp","href":"https:\/\/api.w.org\/{rel}","templated":true}]}}