{"id":82559,"date":"2016-03-17T10:53:39","date_gmt":"2016-03-17T13:53:39","guid":{"rendered":"http:\/\/www.redenoticia.com.br\/noticia\/?p=82559"},"modified":"2016-03-16T18:54:29","modified_gmt":"2016-03-16T21:54:29","slug":"ibge-divulga-grade-estatistica-e-atlas-digital-do-brasil","status":"publish","type":"post","link":"https:\/\/www.redenoticia.com.br\/noticia\/2016\/ibge-divulga-grade-estatistica-e-atlas-digital-do-brasil\/82559","title":{"rendered":"IBGE divulga Grade Estat\u00edstica e Atlas Digital do Brasil"},"content":{"rendered":"<p> Voc\u00ea sabia que Parais\u00f3polis, favela encravada ao lado do Morumbi, um dos bairros mais nobres de S\u00e3o Paulo, tem a maior densidade populacional do Brasil, com mais de 45 mil pessoas por quil\u00f4metro quadrado &#8211; km\u00b2? Ou, ainda, que a favela da Rocinha, entre os bairros de S\u00e3o Conrado e G\u00e1vea, tamb\u00e9m dos mais nobres do Rio de Janeiro, localizada na zona sul da cidade e considerada a maior favela da Am\u00e9rica Latina, tem a segunda maior densidade populacional do pa\u00eds, com mais de 39 mil moradores por km\u00b2, seguida pela Favela Nova Holanda, na zona norte do Rio, com uma densidade de mais de 35 mil pessoas tamb\u00e9m por km\u00b2? Algumas destas informa\u00e7\u00f5es est\u00e3o sendo disponibilizadas pelo Instituto Brasileiro de Geografia e Estat\u00edstica (IBGE), que divulgou a <strong><em>Grade Estat\u00edstica e o Atlas Digital Brasil<\/em><\/strong> 1 por 1, elaborado a partir de dados extra\u00eddos do Censo Demogr\u00e1fico 2010.<\/p>\n<p>Em Parais\u00f3polis, vizinha de mans\u00f5es e pr\u00e9dios de luxo do Morumbi, e um dos s\u00edmbolos da desigualdade da cidade, se comprimem mais de 100 mil habitantes. Apesar da alta densidade populacional (cerca de mil habitantes por hectare) somente 25% moram em resid\u00eancias dotadas de rede de esgoto, metade das ruas n\u00e3o \u00e9 asfaltada e 60% utilizam meios irregulares para obten\u00e7\u00e3o de energia el\u00e9trica.<\/p>\n<p>A Grade Estat\u00edstica traz informa\u00e7\u00f5es sobre popula\u00e7\u00e3o total ou por sexo e o total de domic\u00edlios do censo demogr\u00e1fico de 2010 para diversos recortes espaciais, como regi\u00f5es hidrogr\u00e1ficas, biomas e unidades de relevo.<\/p>\n<p>Para tanto, a grade divide o territ\u00f3rio em c\u00e9lulas de 200x 200m nas \u00e1reas urbanas e 1&#215;1 km nas \u00e1reas rurais, permitindo agregar os dados independentemente das divis\u00f5es pol\u00edtico-administrativas.<\/p>\n<p>Mapas<\/p>\n<p>J\u00e1 o Atlas Digital Brasil 1 por 1 apresenta uma vis\u00e3o detalhada e in\u00e9dita das principais vari\u00e1veis coletadas pelo Censo Demogr\u00e1fico 2010, com mapas que retratam a heterogeneidade do pa\u00eds.<\/p>\n<p>Al\u00e9m das caracter\u00edsticas das pessoas (sexo, idade, cor\/ra\u00e7a, alfabetiza\u00e7\u00e3o, registro de nascimento) e dos domic\u00edlios (tipologia, propriedade do im\u00f3vel, saneamento ambiental, energia el\u00e9trica, rendimento m\u00e9dio per capita, responsabilidade pelo domic\u00edlio), o Atlas apresenta, tamb\u00e9m, dados sobre as caracter\u00edsticas do entorno das resid\u00eancias, com informa\u00e7\u00f5es sobre a exist\u00eancia ou n\u00e3o de identifica\u00e7\u00e3o do logradouro, ilumina\u00e7\u00e3o p\u00fablica, cal\u00e7ada, meio-fio, pavimenta\u00e7\u00e3o, bueiro, rampa para portadores de defici\u00eancia, arboriza\u00e7\u00e3o, esgoto a c\u00e9u aberto e lixo.<\/p>\n<p>Utilizando os resultados do Censo 2010 e a divis\u00e3o em Grade Estat\u00edstica, o IBGE disponibiliza aos usu\u00e1rios produtos que possibilitam uma aplica\u00e7\u00e3o interativa para visualiza\u00e7\u00e3o e consulta, que permite que se desenhe qualquer \u00e1rea na tela e obtenha os dados sobre popula\u00e7\u00e3o (total e por sexo) e domic\u00edlios; e mapas interativos, com informa\u00e7\u00f5es por biomas, regi\u00f5es hidrogr\u00e1ficas, clima, altitude e relevo.<\/p>\n<p>Valor das informa\u00e7\u00f5es<\/p>\n<p>Ao falar sobre as duas publica\u00e7\u00f5es, a coordenadora de Projetos Especiais do IBGE, Maria do Carmo Bueno, disse que a Grade Estat\u00edstica divide o territ\u00f3rio brasileiro em mais de 2,5 milh\u00f5es de c\u00e9lulas, \u201cpermitindo a recupera\u00e7\u00e3o de informa\u00e7\u00f5es relativas \u00e0 popula\u00e7\u00e3o, tanto a total como a dividida por sexo, assim como por domic\u00edlios para os diversos recortes parciais e de forma totalmente independente das unidades pol\u00edticas administrativas da federa\u00e7\u00e3o\u201d.<\/p>\n<p>\u201cPor meio da Grade Estat\u00edstica \u00e9 poss\u00edvel obter dados sobre as popula\u00e7\u00f5es, dos biomas, das regi\u00f5es geogr\u00e1ficas, unidades de relevo e das zonas clim\u00e1ticas de todo o pa\u00eds. Tamb\u00e9m permite a realiza\u00e7\u00e3o de estimativas de popula\u00e7\u00f5es atingidas por desastres clim\u00e1ticos ou ambientais e podem ser utilizadas em modelos de simula\u00e7\u00e3o de expans\u00e3o urbana ou de uso da terra\u201d.<\/p>\n<p>Maria do Carmo ressaltou que a publica\u00e7\u00e3o ainda facilita a compara\u00e7\u00e3o internacional e nacional de informa\u00e7\u00f5es. \u201cEles foram desenvolvidos a partir de dados num\u00e9ricos decorrentes de micro dados do Censo 2010 e dos dados vetoriais da base territorial e do cadastro nacional de endere\u00e7os para fins estat\u00edsticos\u201d, enfatizou.<\/p>\n<p>O IBGE ressaltou, ainda, o fato de que as grades estat\u00edsticas se constituem em uma forma de dissemina\u00e7\u00e3o de dados em unidades geogr\u00e1ficas pequenas e est\u00e1veis ao longo do tempo. Na avalia\u00e7\u00e3o do IBGE, o sistema facilita a compara\u00e7\u00e3o nacional e internacional e fornece um aumento significativo do detalhamento nas \u00e1reas urbanas (onde a c\u00e9lula tem 200&#215;200 m) e rurais (onde a c\u00e9lula tem 1&#215;1 km) e \u00e9 utilizado em pa\u00edses como a Finl\u00e2ndia, Su\u00e9cia, Espanha, Austr\u00e1lia e Jap\u00e3o.<\/p>\n<p>Ainda segundo o IBGE, na d\u00e9cada de 70 o sistema foi usado pela primeira vez no Jap\u00e3o para divulgar estat\u00edsticas provenientes de diversas pesquisas para a \u00e1rea metropolitana de T\u00f3quio \u201ce, desde ent\u00e3o, tanto o governo quanto empresas privadas realizam a coleta e a manuten\u00e7\u00e3o de dados regionais neste sistema, agora abrangendo todo o pa\u00eds\u201d.<\/p>\n<p>\u201cNa Europa, ao longo daquela d\u00e9cada, outros pa\u00edses, principalmente do norte europeu, tamb\u00e9m adotaram esse sistema, como a Finl\u00e2ndia, que disponibiliza dados censit\u00e1rios em grade desde 1970, e a Inglaterra, que gerou uma grade com os dados do censo de 1971, mas n\u00e3o manteve esta produ\u00e7\u00e3o para os censos seguintes\u201d, explicou o IBGE, que pretende divulgar o sistema nos pr\u00f3ximos censos tamb\u00e9m nesse formato.<\/p>\n<p>Nielmar de Oliveira &#8211; Rep\u00f3rter da Ag\u00eancia Brasil<br \/>\nEdi\u00e7\u00e3o: Kleber Sampaio<br \/>\n17\/03\/2016<\/p>\n","protected":false},"excerpt":{"rendered":"<p>Voc\u00ea sabia que Parais\u00f3polis, favela encravada ao lado do Morumbi, um dos bairros mais nobres de S\u00e3o Paulo, tem a maior densidade populacional do Brasil, com mais de 45 mil pessoas por quil\u00f4metro quadrado &#8211; km\u00b2? Ou, ainda, que a favela da Rocinha, entre os bairros de S\u00e3o Conrado e G\u00e1vea, tamb\u00e9m dos mais nobres [&hellip;]<\/p>\n","protected":false},"author":2,"featured_media":40787,"comment_status":"open","ping_status":"closed","sticky":false,"template":"","format":"standard","meta":{"_genesis_hide_title":false,"_genesis_hide_breadcrumbs":false,"_genesis_hide_singular_image":false,"_genesis_hide_footer_widgets":false,"_genesis_custom_body_class":"","_genesis_custom_post_class":"","_genesis_layout":"","_jetpack_memberships_contains_paid_content":false,"footnotes":""},"categories":[22,7],"tags":[],"class_list":{"0":"post-82559","1":"post","2":"type-post","3":"status-publish","4":"format-standard","5":"has-post-thumbnail","7":"category-brasil","8":"category-economia","9":"entry","10":"gs-1","11":"gs-odd","12":"gs-even","13":"gs-featured-content-entry"},"jetpack_featured_media_url":"https:\/\/www.redenoticia.com.br\/noticia\/imagens\/Brasil-incra1.jpg","jetpack_sharing_enabled":true,"jetpack_likes_enabled":true,"_links":{"self":[{"href":"https:\/\/www.redenoticia.com.br\/noticia\/wp-json\/wp\/v2\/posts\/82559","targetHints":{"allow":["GET"]}}],"collection":[{"href":"https:\/\/www.redenoticia.com.br\/noticia\/wp-json\/wp\/v2\/posts"}],"about":[{"href":"https:\/\/www.redenoticia.com.br\/noticia\/wp-json\/wp\/v2\/types\/post"}],"author":[{"embeddable":true,"href":"https:\/\/www.redenoticia.com.br\/noticia\/wp-json\/wp\/v2\/users\/2"}],"replies":[{"embeddable":true,"href":"https:\/\/www.redenoticia.com.br\/noticia\/wp-json\/wp\/v2\/comments?post=82559"}],"version-history":[{"count":0,"href":"https:\/\/www.redenoticia.com.br\/noticia\/wp-json\/wp\/v2\/posts\/82559\/revisions"}],"wp:featuredmedia":[{"embeddable":true,"href":"https:\/\/www.redenoticia.com.br\/noticia\/wp-json\/wp\/v2\/media\/40787"}],"wp:attachment":[{"href":"https:\/\/www.redenoticia.com.br\/noticia\/wp-json\/wp\/v2\/media?parent=82559"}],"wp:term":[{"taxonomy":"category","embeddable":true,"href":"https:\/\/www.redenoticia.com.br\/noticia\/wp-json\/wp\/v2\/categories?post=82559"},{"taxonomy":"post_tag","embeddable":true,"href":"https:\/\/www.redenoticia.com.br\/noticia\/wp-json\/wp\/v2\/tags?post=82559"}],"curies":[{"name":"wp","href":"https:\/\/api.w.org\/{rel}","templated":true}]}}