{"id":82489,"date":"2016-03-16T10:56:49","date_gmt":"2016-03-16T13:56:49","guid":{"rendered":"http:\/\/www.redenoticia.com.br\/noticia\/?p=82489"},"modified":"2016-03-15T21:57:46","modified_gmt":"2016-03-16T00:57:46","slug":"fgv-estima-em-41-a-queda-do-pib-acumulada-em-12-meses","status":"publish","type":"post","link":"https:\/\/www.redenoticia.com.br\/noticia\/2016\/fgv-estima-em-41-a-queda-do-pib-acumulada-em-12-meses\/82489","title":{"rendered":"FGV estima em 4,1% a queda do PIB acumulada em 12 meses"},"content":{"rendered":"<p> A Funda\u00e7\u00e3o Getulio Vargas (FGV) calcula em 4,1% a <strong><em>queda do Produto Interno Bruto<\/em><\/strong> (PIB) acumulada em 12 meses at\u00e9 janeiro \u00faltimo. A estimativa do Monitor do PIB-FGV sinaliza uma piora do PIB, que \u00e9 a soma de todos os bens e servi\u00e7os produzidos no pa\u00eds, em rela\u00e7\u00e3o ao resultado consolidado de 2015 (-3,8%).<\/p>\n<p>A taxa mensal, em rela\u00e7\u00e3o a janeiro de 2015, registrou uma redu\u00e7\u00e3o de 6,1%, o maior recuo neste tipo de compara\u00e7\u00e3o desde o in\u00edcio da s\u00e9rie do Monitor do PIB-FGV em 2000.<\/p>\n<p>J\u00e1 na compara\u00e7\u00e3o com dezembro de 2015, houve um aumento de 0,13% em janeiro deste ano. Como na passagem de novembro para dezembro j\u00e1 havia sido registrada uma alta de 0,06%, os resultados podem sugerir uma \u201cdiscreta estabilidade na atividade econ\u00f4mica\u201d, segundo a FGV.<\/p>\n<p>PIB acumulado<\/p>\n<p>De acordo com a FGV, a taxa do PIB acumulada em 12 meses vem diminuindo desde mar\u00e7o de 2014. E, desde janeiro de 2015, apresenta resultado negativo.<\/p>\n<p>Entre as 12 atividades produtivas brasileiras, dez acusaram queda no acumulado de 12 meses, sendo as principais na ind\u00fastria da transforma\u00e7\u00e3o (-14,4%), com\u00e9rcio (-13,1%) e transportes (-10,5%). Houve crescimento na agropecu\u00e1ria (1,5%) e eletricidade (2,7%).<\/p>\n<p>Sob a \u00f3tica da demanda, no acumulado de 12 meses, a principal queda foi na forma\u00e7\u00e3o bruta de capital fixo, isto \u00e9, nos investimentos, com um recuo de 14,3%. J\u00e1 o consumo das fam\u00edlias apresentou queda de 4,3% e o consumo do governo, de 0,9%, de acordo com a proje\u00e7\u00e3o da FGV.<\/p>\n<p>Vitor Abdala \u2013 Rep\u00f3rter da Ag\u00eancia Brasil<br \/>\nEdi\u00e7\u00e3o: Kleber Sampaio<br \/>\n16\/03\/2016<\/p>\n","protected":false},"excerpt":{"rendered":"<p>A Funda\u00e7\u00e3o Getulio Vargas (FGV) calcula em 4,1% a queda do Produto Interno Bruto (PIB) acumulada em 12 meses at\u00e9 janeiro \u00faltimo. A estimativa do Monitor do PIB-FGV sinaliza uma piora do PIB, que \u00e9 a soma de todos os bens e servi\u00e7os produzidos no pa\u00eds, em rela\u00e7\u00e3o ao resultado consolidado de 2015 (-3,8%). A [&hellip;]<\/p>\n","protected":false},"author":2,"featured_media":38938,"comment_status":"open","ping_status":"closed","sticky":false,"template":"","format":"standard","meta":{"_genesis_hide_title":false,"_genesis_hide_breadcrumbs":false,"_genesis_hide_singular_image":false,"_genesis_hide_footer_widgets":false,"_genesis_custom_body_class":"","_genesis_custom_post_class":"","_genesis_layout":"","_jetpack_memberships_contains_paid_content":false,"footnotes":""},"categories":[22,7],"tags":[],"class_list":{"0":"post-82489","1":"post","2":"type-post","3":"status-publish","4":"format-standard","5":"has-post-thumbnail","7":"category-brasil","8":"category-economia","9":"entry","10":"gs-1","11":"gs-odd","12":"gs-even","13":"gs-featured-content-entry"},"jetpack_featured_media_url":"https:\/\/www.redenoticia.com.br\/noticia\/imagens\/economia1.jpg","jetpack_sharing_enabled":true,"jetpack_likes_enabled":true,"_links":{"self":[{"href":"https:\/\/www.redenoticia.com.br\/noticia\/wp-json\/wp\/v2\/posts\/82489","targetHints":{"allow":["GET"]}}],"collection":[{"href":"https:\/\/www.redenoticia.com.br\/noticia\/wp-json\/wp\/v2\/posts"}],"about":[{"href":"https:\/\/www.redenoticia.com.br\/noticia\/wp-json\/wp\/v2\/types\/post"}],"author":[{"embeddable":true,"href":"https:\/\/www.redenoticia.com.br\/noticia\/wp-json\/wp\/v2\/users\/2"}],"replies":[{"embeddable":true,"href":"https:\/\/www.redenoticia.com.br\/noticia\/wp-json\/wp\/v2\/comments?post=82489"}],"version-history":[{"count":0,"href":"https:\/\/www.redenoticia.com.br\/noticia\/wp-json\/wp\/v2\/posts\/82489\/revisions"}],"wp:featuredmedia":[{"embeddable":true,"href":"https:\/\/www.redenoticia.com.br\/noticia\/wp-json\/wp\/v2\/media\/38938"}],"wp:attachment":[{"href":"https:\/\/www.redenoticia.com.br\/noticia\/wp-json\/wp\/v2\/media?parent=82489"}],"wp:term":[{"taxonomy":"category","embeddable":true,"href":"https:\/\/www.redenoticia.com.br\/noticia\/wp-json\/wp\/v2\/categories?post=82489"},{"taxonomy":"post_tag","embeddable":true,"href":"https:\/\/www.redenoticia.com.br\/noticia\/wp-json\/wp\/v2\/tags?post=82489"}],"curies":[{"name":"wp","href":"https:\/\/api.w.org\/{rel}","templated":true}]}}