{"id":82487,"date":"2016-03-16T10:55:48","date_gmt":"2016-03-16T13:55:48","guid":{"rendered":"http:\/\/www.redenoticia.com.br\/noticia\/?p=82487"},"modified":"2016-03-15T21:56:45","modified_gmt":"2016-03-16T00:56:45","slug":"instalacoes-militares-sao-reformadas-para-receber-delegacoes-olimpicas","status":"publish","type":"post","link":"https:\/\/www.redenoticia.com.br\/noticia\/2016\/instalacoes-militares-sao-reformadas-para-receber-delegacoes-olimpicas\/82487","title":{"rendered":"Instala\u00e7\u00f5es militares s\u00e3o reformadas para receber delega\u00e7\u00f5es ol\u00edmpicas"},"content":{"rendered":"<p> Os ministros da Defesa, Aldo Rebelo, e do Esporte, George Hilton, visitaram, no Rio de Janeiro, instala\u00e7\u00f5es esportivas das For\u00e7as Armadas \u00e0 disposi\u00e7\u00e3o de delega\u00e7\u00f5es estrangeiras para treinos durante os <strong><em>Jogos Ol\u00edmpicos<\/em><\/strong>.<\/p>\n<p> Os ministros estiveram no Centro de Educa\u00e7\u00e3o F\u00edsica Almirante Adalberto Nunes, da Marinha, no Centro de Capacita\u00e7\u00e3o F\u00edsica do Ex\u00e9rcito e na Universidade da For\u00e7a A\u00e9rea, onde inauguraram um gin\u00e1sio e visitaram obras de uma piscina ol\u00edmpica coberta.<\/p>\n<p>O ministro Aldo Rebelo destacou que as For\u00e7as Armadas participam da Olimp\u00edada de tr\u00eas formas: garantindo a seguran\u00e7a, investindo em atletas de alto rendimento e disponibilizando equipamentos esportivos.<\/p>\n<p>Al\u00e9m das instala\u00e7\u00f5es visitadas, tamb\u00e9m poder\u00e3o ser usadas por delega\u00e7\u00f5es ol\u00edmpicas a Escola Naval, o Clube de Aeron\u00e1utica, o Centro de Instru\u00e7\u00e3o de Gericin\u00f3 e o 31\u00ba Grupo de Artilharia de Campanha.<\/p>\n<p>Manifesta\u00e7\u00f5es<\/p>\n<p>Aldo disse acreditar que a situa\u00e7\u00e3o pol\u00edtica do pa\u00eds n\u00e3o deve interferir nos Jogos. &#8220;N\u00e3o creio que v\u00e1 afetar, porque n\u00e3o \u00e9 um evento da pol\u00edtica do Brasil.&#8221; Para o ministro, n\u00e3o se repetir\u00e1 o cen\u00e1rio de manifesta\u00e7\u00f5es observado durante a Copa das Confedera\u00e7\u00f5es. &#8220;As manifesta\u00e7\u00f5es, temos toda a vida para fazer. Somos um pa\u00eds democr\u00e1tico.&#8221;<\/p>\n<p>Sobre as manifesta\u00e7\u00f5es de domingo, o ministro informou que &#8220;\u00e9 cada vez mais residual o n\u00famero de pessoas que pede interven\u00e7\u00e3o militar no pa\u00eds&#8221;. &#8220;N\u00e3o h\u00e1 no pa\u00eds algu\u00e9m com ju\u00edzo que cogita pedir interven\u00e7\u00e3o militar por causa da situa\u00e7\u00e3o pol\u00edtica do pa\u00eds. A n\u00e3o ser um ou outro desavisado, esse n\u00famero \u00e9 cada vez mais insignificante&#8221;, concluiu Aldo Rebelo.<\/p>\n<p>Vinicius Lisboa &#8211; Rep\u00f3rter da Ag\u00eancia Brasil<br \/>\nEdi\u00e7\u00e3o: Armando Cardoso<br \/>\n16\/03\/2016<\/p>\n","protected":false},"excerpt":{"rendered":"<p>Os ministros da Defesa, Aldo Rebelo, e do Esporte, George Hilton, visitaram, no Rio de Janeiro, instala\u00e7\u00f5es esportivas das For\u00e7as Armadas \u00e0 disposi\u00e7\u00e3o de delega\u00e7\u00f5es estrangeiras para treinos durante os Jogos Ol\u00edmpicos. Os ministros estiveram no Centro de Educa\u00e7\u00e3o F\u00edsica Almirante Adalberto Nunes, da Marinha, no Centro de Capacita\u00e7\u00e3o F\u00edsica do Ex\u00e9rcito e na Universidade [&hellip;]<\/p>\n","protected":false},"author":2,"featured_media":39880,"comment_status":"open","ping_status":"closed","sticky":false,"template":"","format":"standard","meta":{"_genesis_hide_title":false,"_genesis_hide_breadcrumbs":false,"_genesis_hide_singular_image":false,"_genesis_hide_footer_widgets":false,"_genesis_custom_body_class":"","_genesis_custom_post_class":"","_genesis_layout":"","_jetpack_memberships_contains_paid_content":false,"footnotes":""},"categories":[22],"tags":[],"class_list":{"0":"post-82487","1":"post","2":"type-post","3":"status-publish","4":"format-standard","5":"has-post-thumbnail","7":"category-brasil","8":"entry","9":"gs-1","10":"gs-odd","11":"gs-even","12":"gs-featured-content-entry"},"jetpack_featured_media_url":"https:\/\/www.redenoticia.com.br\/noticia\/imagens\/olimpiadas.jpg","jetpack_sharing_enabled":true,"jetpack_likes_enabled":true,"_links":{"self":[{"href":"https:\/\/www.redenoticia.com.br\/noticia\/wp-json\/wp\/v2\/posts\/82487","targetHints":{"allow":["GET"]}}],"collection":[{"href":"https:\/\/www.redenoticia.com.br\/noticia\/wp-json\/wp\/v2\/posts"}],"about":[{"href":"https:\/\/www.redenoticia.com.br\/noticia\/wp-json\/wp\/v2\/types\/post"}],"author":[{"embeddable":true,"href":"https:\/\/www.redenoticia.com.br\/noticia\/wp-json\/wp\/v2\/users\/2"}],"replies":[{"embeddable":true,"href":"https:\/\/www.redenoticia.com.br\/noticia\/wp-json\/wp\/v2\/comments?post=82487"}],"version-history":[{"count":0,"href":"https:\/\/www.redenoticia.com.br\/noticia\/wp-json\/wp\/v2\/posts\/82487\/revisions"}],"wp:featuredmedia":[{"embeddable":true,"href":"https:\/\/www.redenoticia.com.br\/noticia\/wp-json\/wp\/v2\/media\/39880"}],"wp:attachment":[{"href":"https:\/\/www.redenoticia.com.br\/noticia\/wp-json\/wp\/v2\/media?parent=82487"}],"wp:term":[{"taxonomy":"category","embeddable":true,"href":"https:\/\/www.redenoticia.com.br\/noticia\/wp-json\/wp\/v2\/categories?post=82487"},{"taxonomy":"post_tag","embeddable":true,"href":"https:\/\/www.redenoticia.com.br\/noticia\/wp-json\/wp\/v2\/tags?post=82487"}],"curies":[{"name":"wp","href":"https:\/\/api.w.org\/{rel}","templated":true}]}}