{"id":82329,"date":"2016-03-15T23:23:12","date_gmt":"2016-03-16T02:23:12","guid":{"rendered":"http:\/\/www.redenoticia.com.br\/noticia\/?p=82329"},"modified":"2018-08-13T10:40:32","modified_gmt":"2018-08-13T13:40:32","slug":"bbb-16-votacao-em-renan-geralda-e-ronan-movimenta-as-enquetes","status":"publish","type":"post","link":"https:\/\/www.redenoticia.com.br\/noticia\/2016\/bbb-16-votacao-em-renan-geralda-e-ronan-movimenta-as-enquetes\/82329","title":{"rendered":"\u201cBBB\u201d 16: vota\u00e7\u00e3o em Renan, Geralda e Ronan movimentou as enquetes"},"content":{"rendered":"<p><a href=\"https:\/\/www.redenoticia.com.br\/noticia\/imagens\/bbb_enquete_votacao.jpg\"><img loading=\"lazy\" decoding=\"async\" class=\"alignleft size-medium wp-image-64479\" src=\"https:\/\/www.redenoticia.com.br\/noticia\/imagens\/bbb_enquete_votacao-187x187.jpg\" alt=\"bbb_enquete_votacao\" width=\"187\" height=\"187\" srcset=\"https:\/\/www.redenoticia.com.br\/noticia\/imagens\/bbb_enquete_votacao-187x187.jpg 187w, https:\/\/www.redenoticia.com.br\/noticia\/imagens\/bbb_enquete_votacao.jpg 300w, https:\/\/www.redenoticia.com.br\/noticia\/imagens\/bbb_enquete_votacao-150x150.jpg 150w, https:\/\/www.redenoticia.com.br\/noticia\/imagens\/bbb_enquete_votacao-110x110.jpg 110w, https:\/\/www.redenoticia.com.br\/noticia\/imagens\/bbb_enquete_votacao-50x50.jpg 50w\" sizes=\"auto, (max-width: 187px) 100vw, 187px\" \/><\/a><em><strong>\u201cBBB&#8221; 16 vota\u00e7\u00e3o enquete:<\/strong><\/em> em 15\/03, Renan somou 6 pontos (Norte 55,47%; Nordeste 52,24%; Centro-Oeste 57,07%; Sudeste 52,74%; Sul 49,86%; Telefone e SMS 51,42% dos votos) e foi eliminado do programa. O Pared\u00e3o come\u00e7ou em 13\/03, quand Renan voltou do isolamento do raio-x e indicou Geralda para o pared\u00e3o. Matheus usou o poder do Anjo e imunizou Maria Claudia. A L\u00edder Munik indicou Renan. Na vota\u00e7\u00e3o da casa, Ronan recebeu 3 votos e tamb\u00e9m disputa o terceiro pared\u00e3o triplo desta edi\u00e7\u00e3o. Vota\u00e7\u00e3o da casa: Geralda e Ronan votaram em Matheus, que votou em Ronan. Maria Claudia e Renan tamb\u00e9m votaram em Ronan. Logo depois, Pedro Bial deu largada na vota\u00e7\u00e3o do pared\u00e3o. A vota\u00e7\u00e3o aconteceu at\u00e9 o programa ao vivo da ter\u00e7a-feira, 15\/03.<\/p>\n<p>Not\u00edcia relacionada:<\/p>\n<p><a href=\"https:\/\/www.redenoticia.com.br\/noticia\/2016\/bbb-16-votacao-em-geralda-e-matheus-movimenta-as-enquetes\/82766\">\u201cBBB\u201d 16: vota\u00e7\u00e3o em Geralda e Matheus movimenta as enquetes<\/a><\/p>\n<p>Evolu\u00e7\u00e3o da vota\u00e7\u00e3o na enquete Rede Not\u00edcia: Quem deve sair do \u201cBBB\u201d 16?<br \/>\n(14\/03 01h10) &#8211; Geralda 43,98%; Renan 33,94%; Ronan 22,08%; 99.962 votos.<br \/>\n(14\/03 12h15) &#8211; Geralda 43,46%; Renan 39,92%; Ronan 16,62%; 243.904 votos.<br \/>\n(14\/03 19h41) &#8211; Renan 44,79%; Geralda 43,55%; Ronan 11,66%; 416.872 votos.<br \/>\n(15\/03 13h52) &#8211; Geralda 46,32%; Renan 44,78%; Ronan 8,90%; 755.741 votos.<br \/>\n(15\/03 20h25) &#8211; Renan 46,52%; Geralda 45,65%; Ronan 7,83%; 914.442 votos.<br \/>\n(15\/03 23h09) &#8211; Renan 47,82%; Geralda 45,04%; Ronan 7.14%; 1.034.190 votos.<\/p>\n<p>Na Enquete Uol \u2013 Quem deve ser eliminado?<br \/>\n(14\/03 01h10) &#8211; Geralda 51,70%; Renan 30,70%; Ronan 17,59%; 92.999 votos.<br \/>\n(14\/03 12h15) &#8211; Geralda 49,17%; Renan 32,86%; Ronan 17,97%; 440.946 votos.<br \/>\n(14\/03 19h41) &#8211; Geralda 49,57%; Renan 32,97%; Ronan 17,45%; 793.007 votos.<br \/>\n(15\/03 13h52) &#8211; Geralda 51,32%; Renan 32,12%; Ronan 16,56%; 1.284.530 votos.<br \/>\n(15\/03 20h25) &#8211; Geralda 52,03%; Renan 31,98%; Ronan 16,00%; 1.551.349 votos.<br \/>\n(15\/03 23h09) &#8211; Geralda 53,00%; Renan 32,00%; Ronan 16,00%; 1.770.579 votos.<\/p>\n<p>A vota\u00e7\u00e3o oficial aconteceu no endere\u00e7o da\u00a0<a href=\"http:\/\/gshow.globo.com\/realities\/bbb\/\" target=\"_blank\">Rede Globo \u201cBBB&#8221; 16<\/a> at\u00e9 o programa de ter\u00e7a-feira, ao vivo.<\/p>\n<p>Fonte \u201cBBB&#8221; 16 \u2013 Vota\u00e7\u00e3o Enquete<\/p>\n<p>Not\u00edcias relacionadas:<br \/>\n\u201cBBB\u201d 16: <a href=\"https:\/\/www.redenoticia.com.br\/noticia\/2016\/bbb-16-resumo-dos-destaques-do-dia\/79970\">resumo dos destaques do dia<\/a><br \/>\n\u201cBBB\u201d 16: <a href=\"https:\/\/www.redenoticia.com.br\/noticia\/2016\/bbb-16-prova-da-comida\/80134\">prova da comida<\/a><br \/>\n\u201cBBB\u201d 16: <a href=\"https:\/\/www.redenoticia.com.br\/noticia\/2016\/bbb-16-prova-do-anjo-e-castigo-do-monstro\/80057\">prova do anjo e castigo do monstro<\/a><br \/>\n\u201cBBB\u201d 16 enquete: <a href=\"https:\/\/www.redenoticia.com.br\/noticia\/2016\/bbb-16-vote-no-seu-brother-preferido\/79978\">vote no seu brother preferido<\/a><\/p>\n<p>&#8212;<br \/>\nConcorrentes que entraram na casa em 19\/01: Ad\u00e9lia (Advogada, mora em S\u00e3o Paulo); Alan (Doutor em Filosofia em Natal, Rio Grande do Norte); Ana Paula (mineira de 34 anos, formada em Comunica\u00e7\u00e3o); Daniel (empres\u00e1rio, 38 anos,carioca); Harumi (64 anos, Jornalista em S\u00e3o Paulo); Juliana (paulista, bailarina, 31 anos); La\u00e9rcio (53 anos, curitibano, designer de tatuagem); Maria Claudia (youtuber de Santa Cruz, Rio Grande do Norte, 19 anos); Munik (estudante, goiana de 19 anos); Renan (modelo, nascido em Amparo, interior de S\u00e3o Paulo, tem 29 anos); Ronan (estudante de filosofia em Curitiba, 27 anos); Tamiel (41 anos, professor de Ecologia em Goi\u00e2nia).<\/p>\n<p>Concorrentes que entraram na casa em 23\/01: Geralda (63 anos, professora aposentada de Minas Gerais); William ou Blackout (35 anos, seguran\u00e7a); Fernanda (28 anos, escritora e artista mineira); Matheus (25 anos, Engenheiro de Minas).<\/p>\n","protected":false},"excerpt":{"rendered":"<p>\u201cBBB&#8221; 16 vota\u00e7\u00e3o enquete: em 15\/03, Renan somou 6 pontos (Norte 55,47%; Nordeste 52,24%; Centro-Oeste 57,07%; Sudeste 52,74%; Sul 49,86%; Telefone e SMS 51,42% dos votos) e foi eliminado do programa. O Pared\u00e3o come\u00e7ou em 13\/03, quand Renan voltou do isolamento do raio-x e indicou Geralda para o pared\u00e3o. Matheus usou o poder do Anjo [&hellip;]<\/p>\n","protected":false},"author":2,"featured_media":64479,"comment_status":"open","ping_status":"closed","sticky":false,"template":"","format":"standard","meta":{"_genesis_hide_title":false,"_genesis_hide_breadcrumbs":false,"_genesis_hide_singular_image":false,"_genesis_hide_footer_widgets":false,"_genesis_custom_body_class":"","_genesis_custom_post_class":"","_genesis_layout":"","_jetpack_memberships_contains_paid_content":false,"footnotes":""},"categories":[520,375,343],"tags":[],"class_list":{"0":"post-82329","1":"post","2":"type-post","3":"status-publish","4":"format-standard","5":"has-post-thumbnail","7":"category-big-brother-brasil","8":"category-rede-globo","9":"category-televisao","10":"entry","11":"gs-1","12":"gs-odd","13":"gs-even","14":"gs-featured-content-entry"},"jetpack_featured_media_url":"https:\/\/www.redenoticia.com.br\/noticia\/imagens\/bbb_enquete_votacao.jpg","jetpack_sharing_enabled":true,"jetpack_likes_enabled":true,"_links":{"self":[{"href":"https:\/\/www.redenoticia.com.br\/noticia\/wp-json\/wp\/v2\/posts\/82329","targetHints":{"allow":["GET"]}}],"collection":[{"href":"https:\/\/www.redenoticia.com.br\/noticia\/wp-json\/wp\/v2\/posts"}],"about":[{"href":"https:\/\/www.redenoticia.com.br\/noticia\/wp-json\/wp\/v2\/types\/post"}],"author":[{"embeddable":true,"href":"https:\/\/www.redenoticia.com.br\/noticia\/wp-json\/wp\/v2\/users\/2"}],"replies":[{"embeddable":true,"href":"https:\/\/www.redenoticia.com.br\/noticia\/wp-json\/wp\/v2\/comments?post=82329"}],"version-history":[{"count":0,"href":"https:\/\/www.redenoticia.com.br\/noticia\/wp-json\/wp\/v2\/posts\/82329\/revisions"}],"wp:featuredmedia":[{"embeddable":true,"href":"https:\/\/www.redenoticia.com.br\/noticia\/wp-json\/wp\/v2\/media\/64479"}],"wp:attachment":[{"href":"https:\/\/www.redenoticia.com.br\/noticia\/wp-json\/wp\/v2\/media?parent=82329"}],"wp:term":[{"taxonomy":"category","embeddable":true,"href":"https:\/\/www.redenoticia.com.br\/noticia\/wp-json\/wp\/v2\/categories?post=82329"},{"taxonomy":"post_tag","embeddable":true,"href":"https:\/\/www.redenoticia.com.br\/noticia\/wp-json\/wp\/v2\/tags?post=82329"}],"curies":[{"name":"wp","href":"https:\/\/api.w.org\/{rel}","templated":true}]}}