{"id":82327,"date":"2016-03-14T10:37:26","date_gmt":"2016-03-14T13:37:26","guid":{"rendered":"http:\/\/www.redenoticia.com.br\/noticia\/?p=82327"},"modified":"2016-03-13T19:37:56","modified_gmt":"2016-03-13T22:37:56","slug":"parceria-em-pesquisa-com-sao-paulo-e-prioridade-para-a-franca","status":"publish","type":"post","link":"https:\/\/www.redenoticia.com.br\/noticia\/2016\/parceria-em-pesquisa-com-sao-paulo-e-prioridade-para-a-franca\/82327","title":{"rendered":"Parceria em pesquisa com S\u00e3o Paulo \u00e9 prioridade para a Fran\u00e7a"},"content":{"rendered":"<p> Ag\u00eancia FAPESP \u2013 Na ter\u00e7a-feira, 8 de mar\u00e7o, a FAPESP recebeu a visita do conselheiro de Coopera\u00e7\u00e3o e A\u00e7\u00e3o Cultural da Embaixada da Fran\u00e7a em Bras\u00edlia, Alain Bourdon, acompanhado de G\u00e9rard Chuzel e Sandra Fernandes, respectivamente adidos de <strong><em>Coopera\u00e7\u00e3o para a Ci\u00eancia e a Tecnologia<\/em><\/strong> e de Coopera\u00e7\u00e3o e A\u00e7\u00e3o Cultural do Consulado da Fran\u00e7a em S\u00e3o Paulo.<\/p>\n<p>Eles foram recebidos por Eduardo Moacyr Krieger, vice-presidente da Funda\u00e7\u00e3o, Alexandre Roccatto, gerente de \u00e1rea cient\u00edfica, Ana Maria Fonseca Almeida, coordenadora adjunta da \u00e1rea de Ci\u00eancias Humanas e Sociais, e Fernando Menezes, assessor da presid\u00eancia.<\/p>\n<p>Na pauta de discuss\u00f5es, a amplia\u00e7\u00e3o da pesquisa conjunta entre franceses e brasileiros, com \u00eanfase no apoio institucional.<\/p>\n<p>Bourdon, que tamb\u00e9m dirige o Instituto Franc\u00eas do Brasil, disse conhecer o longo hist\u00f3rico de parcerias existentes entre pesquisadores franceses e seus pares em S\u00e3o Paulo. Para ele, quest\u00f5es de interesse comum e novas frentes de atua\u00e7\u00e3o, como o apoio conjunto ao desenvolvimento de pesquisas em empresas, devem ser refor\u00e7adas.<\/p>\n<p>No Brasil h\u00e1 seis meses, ele afirma que o tema da pesquisa cient\u00edfica deve ganhar espa\u00e7o nas tratativas entre os dois pa\u00edses. \u201cTenho conversado com representantes dos Estados no Conselho Nacional das Funda\u00e7\u00f5es Estaduais de Amparo \u00e0 Pesquisa (Confap) sobre a j\u00e1 tradicional pesquisa colaborativa com o Brasil, e concordamos que \u00e9 preciso ampliar e consolidar as parcerias\u201d, disse.<\/p>\n<p>Do mesmo modo, Krieger destacou que a rela\u00e7\u00e3o de S\u00e3o Paulo com a Fran\u00e7a, particularmente em pesquisa, \u00e9 intensa e de longa data. \u201cA FAPESP sempre colocou como prioridade a rela\u00e7\u00e3o com a Fran\u00e7a, criando oportunidades para estreitar ainda mais essa rela\u00e7\u00e3o, a exemplo dos diversos acordos mantidos pela Funda\u00e7\u00e3o.\u201d<\/p>\n<p>Segundo ele, apesar de o Brasil formar em torno de 16 mil doutores por ano, ter entre 40 mil e 50 mil publica\u00e7\u00f5es em revistas cient\u00edficas anualmente e ocupar a 13\u00aa posi\u00e7\u00e3o mundial em produ\u00e7\u00e3o cient\u00edfica, o pa\u00eds ainda n\u00e3o apresenta uma boa m\u00e9dia de impacto em suas pesquisas.<\/p>\n<p>\u201cPor isso, neste momento, a FAPESP est\u00e1 mais preocupada com a qualidade e com o reconhecimento da pesquisa feita em S\u00e3o Paulo, para o que as parcerias internacionais, como as que mantemos com a Fran\u00e7a, s\u00e3o fundamentais\u201d, afirmou, destacando como exemplo promissor a pesquisa conjunta na \u00e1rea da sa\u00fade, incluindo as atualmente vigentes entre USP, Instituto Butantan e Instituto Pasteur, de Paris.<\/p>\n<p>Durante o encontro, os diversos acordos internacionais para a pesquisa mantidos pela Funda\u00e7\u00e3o foram expostos, incluindo aqueles com institui\u00e7\u00f5es de fomento, universidades e empresas, com destaque para as parcerias existentes com a Fran\u00e7a.<\/p>\n<p>A FAPESP mant\u00e9m atualmente com institui\u00e7\u00f5es francesas sete acordos de coopera\u00e7\u00e3o para a pesquisa e um Protocolo de Inten\u00e7\u00f5es. Dos 713 aux\u00edlios \u00e0 pesquisa j\u00e1 concedidos em parceria com essas institui\u00e7\u00f5es, 31 est\u00e3o atualmente em andamento, sobretudo em \u00e1reas interdisciplinares, de Ci\u00eancias Exatas e da Terra, de Ci\u00eancias Humanas e Biol\u00f3gicas.<\/p>\n<p>A parceria com empresas foi um dos principais temas abordados, a exemplo do Centro de Pesquisas em Engenharia voltado para pesquisas sobre temas relacionados a motores a combust\u00e3o movidos a biocombust\u00edveis, criado em 2015, numa parceria entre FAPESP, Unicamp e a subsidi\u00e1ria brasileira da montadora francesa Peugeot-Citro\u00ebn.<\/p>\n<p>De acordo com Chuzel, o apoio conjunto a pesquisas feitas em empresas deve ganhar mais espa\u00e7o, a fim de beneficiar-se dessa coopera\u00e7\u00e3o. \u201cNa Fran\u00e7a h\u00e1 um programa voltado especificamente ao apoio \u00e0 pesquisa em empresas, o que ajuda a viabilizar que o setor produtivo atue em conjunto com institui\u00e7\u00f5es de pesquisa e universidades.\u201d<\/p>\n<p>Ele explicou que, ap\u00f3s o per\u00edodo em que se realiza a pesquisa na empresa \u2013 tr\u00eas anos, com bolsas que preenchem metade do valor do sal\u00e1rio do pesquisador \u2013, o pesquisador tende a dar continuidade a esse trabalho, normalmente contratado para isso pela empresa. \u201c\u00c9 um tipo de garantia de emprego extremamente qualificado e, por parte da Fran\u00e7a, existe a inten\u00e7\u00e3o de levar esse tipo de apoio a empresas que realizem pesquisas tamb\u00e9m no Brasil.\u201d<\/p>\n<p>Segundo ele, havendo interesse de institui\u00e7\u00f5es e empresas, a orienta\u00e7\u00e3o \u00e9 a de ampliar as parcerias j\u00e1 existentes para a pesquisa, incluindo aquelas promovidas por meio de programas internacionais dos quais a FAPESP e institui\u00e7\u00f5es francesas j\u00e1 fa\u00e7am parte.<\/p>\n","protected":false},"excerpt":{"rendered":"<p>Ag\u00eancia FAPESP \u2013 Na ter\u00e7a-feira, 8 de mar\u00e7o, a FAPESP recebeu a visita do conselheiro de Coopera\u00e7\u00e3o e A\u00e7\u00e3o Cultural da Embaixada da Fran\u00e7a em Bras\u00edlia, Alain Bourdon, acompanhado de G\u00e9rard Chuzel e Sandra Fernandes, respectivamente adidos de Coopera\u00e7\u00e3o para a Ci\u00eancia e a Tecnologia e de Coopera\u00e7\u00e3o e A\u00e7\u00e3o Cultural do Consulado da Fran\u00e7a [&hellip;]<\/p>\n","protected":false},"author":2,"featured_media":36246,"comment_status":"open","ping_status":"closed","sticky":false,"template":"","format":"standard","meta":{"_genesis_hide_title":false,"_genesis_hide_breadcrumbs":false,"_genesis_hide_singular_image":false,"_genesis_hide_footer_widgets":false,"_genesis_custom_body_class":"","_genesis_custom_post_class":"","_genesis_layout":"","_jetpack_memberships_contains_paid_content":false,"footnotes":""},"categories":[22],"tags":[],"class_list":{"0":"post-82327","1":"post","2":"type-post","3":"status-publish","4":"format-standard","5":"has-post-thumbnail","7":"category-brasil","8":"entry","9":"gs-1","10":"gs-odd","11":"gs-even","12":"gs-featured-content-entry"},"jetpack_featured_media_url":"https:\/\/www.redenoticia.com.br\/noticia\/imagens\/professor-a.jpg","jetpack_sharing_enabled":true,"jetpack_likes_enabled":true,"_links":{"self":[{"href":"https:\/\/www.redenoticia.com.br\/noticia\/wp-json\/wp\/v2\/posts\/82327","targetHints":{"allow":["GET"]}}],"collection":[{"href":"https:\/\/www.redenoticia.com.br\/noticia\/wp-json\/wp\/v2\/posts"}],"about":[{"href":"https:\/\/www.redenoticia.com.br\/noticia\/wp-json\/wp\/v2\/types\/post"}],"author":[{"embeddable":true,"href":"https:\/\/www.redenoticia.com.br\/noticia\/wp-json\/wp\/v2\/users\/2"}],"replies":[{"embeddable":true,"href":"https:\/\/www.redenoticia.com.br\/noticia\/wp-json\/wp\/v2\/comments?post=82327"}],"version-history":[{"count":0,"href":"https:\/\/www.redenoticia.com.br\/noticia\/wp-json\/wp\/v2\/posts\/82327\/revisions"}],"wp:featuredmedia":[{"embeddable":true,"href":"https:\/\/www.redenoticia.com.br\/noticia\/wp-json\/wp\/v2\/media\/36246"}],"wp:attachment":[{"href":"https:\/\/www.redenoticia.com.br\/noticia\/wp-json\/wp\/v2\/media?parent=82327"}],"wp:term":[{"taxonomy":"category","embeddable":true,"href":"https:\/\/www.redenoticia.com.br\/noticia\/wp-json\/wp\/v2\/categories?post=82327"},{"taxonomy":"post_tag","embeddable":true,"href":"https:\/\/www.redenoticia.com.br\/noticia\/wp-json\/wp\/v2\/tags?post=82327"}],"curies":[{"name":"wp","href":"https:\/\/api.w.org\/{rel}","templated":true}]}}