{"id":82324,"date":"2016-03-13T18:27:01","date_gmt":"2016-03-13T21:27:01","guid":{"rendered":"http:\/\/www.redenoticia.com.br\/noticia\/?p=82324"},"modified":"2016-03-13T18:27:01","modified_gmt":"2016-03-13T21:27:01","slug":"movimentos-contra-dilma-nas-ruas-do-brasil","status":"publish","type":"post","link":"https:\/\/www.redenoticia.com.br\/noticia\/2016\/movimentos-contra-dilma-nas-ruas-do-brasil\/82324","title":{"rendered":"Movimentos contra Dilma nas ruas do Brasil"},"content":{"rendered":"<p>Milhares de pessoas e pelo menos seis movimentos diferentes ocuparam ruas e pra\u00e7as do Pa\u00eds e a Avenida Paulista, na tarde deste domingo (13), com carros de som, para pedir a <strong><em>sa\u00edda da presidenta Dilma<\/em><\/strong> Rousseff do governo. Um dos principais movimentos, o Vem Pra Rua, deu in\u00edcio ao seu ato \u00e0s 15h, com a reprodu\u00e7\u00e3o do Hino Nacional e a libera\u00e7\u00e3o de bal\u00f5es. Os manifestantes, por\u00e9m, j\u00e1 ocupavam a avenida desde as 10h.<\/p>\n<p>O l\u00edder do Vem Pra Rua, Rog\u00e9rio Chequer, questionado sobre os epis\u00f3dios da \u00faltima semana envolvendo o ex-presidente Luiz In\u00e1cio Lula da Silva, como a condu\u00e7\u00e3o coercitiva para depor \u00e0 Pol\u00edcia Federal (PF) e a den\u00fancia do Minist\u00e9rio P\u00fablico de S\u00e3o Paulo (MP-SP), disse que \u201co resultado est\u00e1 aqui na Paulista hoje, isso s\u00f3 indignou mais o povo\u201d.<\/p>\n<p>Segundo ele, \u201ca popula\u00e7\u00e3o \u00e9 que est\u00e1 mostrando para esse governo que ele n\u00e3o tem mais a legitimidade de estar no poder\u201d. O Vem Pra Rua, de acordo com Chequer, tem um programa pol\u00edtico de longo prazo que inclui, como primeiro passo, o impeachment de Dilma. \u201cE que o impeachment venha seguido de uma transi\u00e7\u00e3o pac\u00edfica e uma coaliz\u00e3o entre os movimentos e partidos de oposi\u00e7\u00e3o para conseguir retomar o crescimento brasileiro. N\u00e3o \u00e9 hora de brigar, \u00e9 hora de se unir\u201d, disse.<\/p>\n<p>O coordenador nacional do Movimento Brasil Livre, Fernando Holiday, disse que viu com bons olhos as a\u00e7\u00f5es da PF e do MP-SP. \u201cAfinal de contas, isso prova, de certa forma, que as institui\u00e7\u00f5es est\u00e3o funcionando no nosso pa\u00eds e que n\u00e3o h\u00e1 pessoas acima da lei, nem mesmo o ex-presidente Lula, que j\u00e1 foi um dos presidentes mais populares da hist\u00f3ria do pa\u00eds e hoje \u00e9 uma grande decep\u00e7\u00e3o.\u201d<\/p>\n<p>\u201cExiste uma mensagem mais imediata que \u00e9 o impeachment da presidente Dilma Rousseff\u201d, disse. No entanto, segundo Holiday, h\u00e1 tamb\u00e9m uma segunda mensagem importante: \u201co povo tem poder e os pol\u00edticos t\u00eam de se submeter \u00e0 sociedade civil, \u00e0s ruas, e n\u00e3o o contr\u00e1rio\u201d.<\/p>\n<p>\u201cN\u00f3s viemos aqui mostrar para o governo do PT e para a presidente Dilma que n\u00f3s n\u00e3o queremos mais esse tipo de comportamento do Poder P\u00fablico. N\u00f3s n\u00e3o aguentamos mais corrup\u00e7\u00e3o, incompet\u00eancia e tanto abuso de direito e de recursos p\u00fablicos. N\u00f3s queremos esse governo fora, chega de Dilma\u201d, disse o presidente do Movimento Endireita Brasil, Ricardo Sales.<\/p>\n<p>Ele acredita que qualquer governo ser\u00e1 melhor que o da atual presidenta. Sobre a possibilidade de o vice-presidente assumir, Sales afirma que \u201co Temer ser\u00e1 um presidente experiente, sabe lidar com o Congresso, embora esteja em um partido dif\u00edcil, que \u00e9 o PMDB, ele tem uma hist\u00f3ria de relacionamento com os poderes p\u00fablicos\u201d.<\/p>\n<p>O representante do movimento Patriotas do Brasil Carlos Saad disse ser a favor de uma \u201cinterven\u00e7\u00e3o c\u00edvica\u201d, em que a popula\u00e7\u00e3o pediria a sa\u00edda do governo atual e as For\u00e7as Armadas assumiriam o poder.<\/p>\n<p>\u201cSomos por uma interven\u00e7\u00e3o c\u00edvica, porque acreditamos que este governo n\u00e3o d\u00e1 mais e n\u00e3o tem quem substitua. Acreditamos que as \u00fanicas pessoas, o \u00fanico \u00f3rg\u00e3o que pode nos salvar s\u00e3o as For\u00e7as Armadas\u201d, disse.<\/p>\n<p>Os movimentos Acorda Brasil e Nas Ruas tamb\u00e9m protestaram na Avenida Paulista.<\/p>\n<p>Camila Boehm \u2013 Rep\u00f3rter da Ag\u00eancia Brasil<br \/>\nEdi\u00e7\u00e3o: L\u00edlian Beraldo<br \/>\n13\/03\/2016<\/p>\n","protected":false},"excerpt":{"rendered":"<p>Milhares de pessoas e pelo menos seis movimentos diferentes ocuparam ruas e pra\u00e7as do Pa\u00eds e a Avenida Paulista, na tarde deste domingo (13), com carros de som, para pedir a sa\u00edda da presidenta Dilma Rousseff do governo. Um dos principais movimentos, o Vem Pra Rua, deu in\u00edcio ao seu ato \u00e0s 15h, com a [&hellip;]<\/p>\n","protected":false},"author":2,"featured_media":34796,"comment_status":"open","ping_status":"closed","sticky":false,"template":"","format":"standard","meta":{"_genesis_hide_title":false,"_genesis_hide_breadcrumbs":false,"_genesis_hide_singular_image":false,"_genesis_hide_footer_widgets":false,"_genesis_custom_body_class":"","_genesis_custom_post_class":"","_genesis_layout":"","_jetpack_memberships_contains_paid_content":false,"footnotes":""},"categories":[22],"tags":[],"class_list":{"0":"post-82324","1":"post","2":"type-post","3":"status-publish","4":"format-standard","5":"has-post-thumbnail","7":"category-brasil","8":"entry","9":"gs-1","10":"gs-odd","11":"gs-even","12":"gs-featured-content-entry"},"jetpack_featured_media_url":"https:\/\/www.redenoticia.com.br\/noticia\/imagens\/dilma-foto-wilson-dias-abr.jpg","jetpack_sharing_enabled":true,"jetpack_likes_enabled":true,"_links":{"self":[{"href":"https:\/\/www.redenoticia.com.br\/noticia\/wp-json\/wp\/v2\/posts\/82324","targetHints":{"allow":["GET"]}}],"collection":[{"href":"https:\/\/www.redenoticia.com.br\/noticia\/wp-json\/wp\/v2\/posts"}],"about":[{"href":"https:\/\/www.redenoticia.com.br\/noticia\/wp-json\/wp\/v2\/types\/post"}],"author":[{"embeddable":true,"href":"https:\/\/www.redenoticia.com.br\/noticia\/wp-json\/wp\/v2\/users\/2"}],"replies":[{"embeddable":true,"href":"https:\/\/www.redenoticia.com.br\/noticia\/wp-json\/wp\/v2\/comments?post=82324"}],"version-history":[{"count":0,"href":"https:\/\/www.redenoticia.com.br\/noticia\/wp-json\/wp\/v2\/posts\/82324\/revisions"}],"wp:featuredmedia":[{"embeddable":true,"href":"https:\/\/www.redenoticia.com.br\/noticia\/wp-json\/wp\/v2\/media\/34796"}],"wp:attachment":[{"href":"https:\/\/www.redenoticia.com.br\/noticia\/wp-json\/wp\/v2\/media?parent=82324"}],"wp:term":[{"taxonomy":"category","embeddable":true,"href":"https:\/\/www.redenoticia.com.br\/noticia\/wp-json\/wp\/v2\/categories?post=82324"},{"taxonomy":"post_tag","embeddable":true,"href":"https:\/\/www.redenoticia.com.br\/noticia\/wp-json\/wp\/v2\/tags?post=82324"}],"curies":[{"name":"wp","href":"https:\/\/api.w.org\/{rel}","templated":true}]}}