{"id":82194,"date":"2016-03-11T10:28:52","date_gmt":"2016-03-11T13:28:52","guid":{"rendered":"http:\/\/www.redenoticia.com.br\/noticia\/?p=82194"},"modified":"2016-03-10T18:30:46","modified_gmt":"2016-03-10T21:30:46","slug":"taxa-de-juros-no-cartao-de-credito-atinge-maior-nivel-em-20-anos","status":"publish","type":"post","link":"https:\/\/www.redenoticia.com.br\/noticia\/2016\/taxa-de-juros-no-cartao-de-credito-atinge-maior-nivel-em-20-anos\/82194","title":{"rendered":"Taxa de juros no cart\u00e3o de cr\u00e9dito atinge maior n\u00edvel em 20 anos"},"content":{"rendered":"<p> O consumidor que n\u00e3o paga a fatura integral do <strong><em>cart\u00e3o de cr\u00e9dito<\/em><\/strong> v\u00ea a d\u00edvida aumentar mais de cinco vezes em apenas um ano. Segundo pesquisa divulgada pela Associa\u00e7\u00e3o Nacional dos Executivos de Finan\u00e7as, Administra\u00e7\u00e3o e Contabilidade (Anefac), em fevereiro, os juros m\u00e9dios no cart\u00e3o chegaram a 419,6% ao ano, a maior taxa desde outubro de 1995.<\/p>\n<p>Com esses juros, o consumidor que deve R$ 1 mil no cart\u00e3o de cr\u00e9dito v\u00ea o d\u00e9bito saltar para R$ 5.196,00 ao fim de 12 meses. Em janeiro, os juros m\u00e9dios estavam em 410,97% ao ano. Na compara\u00e7\u00e3o mensal, a taxa passou de 14,56% ao m\u00eas em janeiro para 14,72% em fevereiro.<\/p>\n<p>Em nota, a Anefac informou que a alta dos juros foi provocada pelo crescimento da inadimpl\u00eancia, que faz com que as institui\u00e7\u00f5es financeiras reajustem as taxas. O aumento do desemprego, da infla\u00e7\u00e3o e de impostos reduz a renda dispon\u00edvel dos consumidores, elevando o risco de calote.<\/p>\n<p>O correntista que entra no cheque especial tamb\u00e9m n\u00e3o tem al\u00edvio e v\u00ea a d\u00edvida ser multiplicada em quase quatro vezes em um ano. As taxas m\u00e9dias para essa modalidade atingiram 255,94% ao ano (11,16% ao m\u00eas), no maior n\u00edvel desde julho de 1999. Uma d\u00edvida de R$ 1 mil aumenta para R$ 3.559,40 ao fim de 12 meses.<\/p>\n<p>Os juros m\u00e9dios nas linhas de cr\u00e9dito para pessoa f\u00edsica chegaram a 7,77% em fevereiro (145,76% ao ano), na maior taxa desde fevereiro de 2005. Nesse caso, uma d\u00edvida de R$ 1 mil sobe para R$ 2.457,60 em um ano. Em janeiro, a taxa estava em 7,67% ao m\u00eas (142,74% ao ano).<\/p>\n<p>Wellton M\u00e1ximo \u2013 Rep\u00f3rter da Ag\u00eancia Brasil<br \/>\nEdi\u00e7\u00e3o: Juliana Andrade<br \/>\n11\/03\/2016<\/p>\n","protected":false},"excerpt":{"rendered":"<p>O consumidor que n\u00e3o paga a fatura integral do cart\u00e3o de cr\u00e9dito v\u00ea a d\u00edvida aumentar mais de cinco vezes em apenas um ano. Segundo pesquisa divulgada pela Associa\u00e7\u00e3o Nacional dos Executivos de Finan\u00e7as, Administra\u00e7\u00e3o e Contabilidade (Anefac), em fevereiro, os juros m\u00e9dios no cart\u00e3o chegaram a 419,6% ao ano, a maior taxa desde outubro [&hellip;]<\/p>\n","protected":false},"author":2,"featured_media":35203,"comment_status":"open","ping_status":"closed","sticky":false,"template":"","format":"standard","meta":{"_genesis_hide_title":false,"_genesis_hide_breadcrumbs":false,"_genesis_hide_singular_image":false,"_genesis_hide_footer_widgets":false,"_genesis_custom_body_class":"","_genesis_custom_post_class":"","_genesis_layout":"","_jetpack_memberships_contains_paid_content":false,"footnotes":""},"categories":[22,7],"tags":[],"class_list":{"0":"post-82194","1":"post","2":"type-post","3":"status-publish","4":"format-standard","5":"has-post-thumbnail","7":"category-brasil","8":"category-economia","9":"entry","10":"gs-1","11":"gs-odd","12":"gs-even","13":"gs-featured-content-entry"},"jetpack_featured_media_url":"https:\/\/www.redenoticia.com.br\/noticia\/imagens\/cartao-credito.jpg","jetpack_sharing_enabled":true,"jetpack_likes_enabled":true,"_links":{"self":[{"href":"https:\/\/www.redenoticia.com.br\/noticia\/wp-json\/wp\/v2\/posts\/82194","targetHints":{"allow":["GET"]}}],"collection":[{"href":"https:\/\/www.redenoticia.com.br\/noticia\/wp-json\/wp\/v2\/posts"}],"about":[{"href":"https:\/\/www.redenoticia.com.br\/noticia\/wp-json\/wp\/v2\/types\/post"}],"author":[{"embeddable":true,"href":"https:\/\/www.redenoticia.com.br\/noticia\/wp-json\/wp\/v2\/users\/2"}],"replies":[{"embeddable":true,"href":"https:\/\/www.redenoticia.com.br\/noticia\/wp-json\/wp\/v2\/comments?post=82194"}],"version-history":[{"count":0,"href":"https:\/\/www.redenoticia.com.br\/noticia\/wp-json\/wp\/v2\/posts\/82194\/revisions"}],"wp:featuredmedia":[{"embeddable":true,"href":"https:\/\/www.redenoticia.com.br\/noticia\/wp-json\/wp\/v2\/media\/35203"}],"wp:attachment":[{"href":"https:\/\/www.redenoticia.com.br\/noticia\/wp-json\/wp\/v2\/media?parent=82194"}],"wp:term":[{"taxonomy":"category","embeddable":true,"href":"https:\/\/www.redenoticia.com.br\/noticia\/wp-json\/wp\/v2\/categories?post=82194"},{"taxonomy":"post_tag","embeddable":true,"href":"https:\/\/www.redenoticia.com.br\/noticia\/wp-json\/wp\/v2\/tags?post=82194"}],"curies":[{"name":"wp","href":"https:\/\/api.w.org\/{rel}","templated":true}]}}