{"id":82192,"date":"2016-03-11T10:27:24","date_gmt":"2016-03-11T13:27:24","guid":{"rendered":"http:\/\/www.redenoticia.com.br\/noticia\/?p=82192"},"modified":"2016-03-10T18:28:47","modified_gmt":"2016-03-10T21:28:47","slug":"tesouro-anuncia-emissao-de-titulos-da-divida-externa-com-vencimento-em-2026","status":"publish","type":"post","link":"https:\/\/www.redenoticia.com.br\/noticia\/2016\/tesouro-anuncia-emissao-de-titulos-da-divida-externa-com-vencimento-em-2026\/82192","title":{"rendered":"Tesouro anuncia emiss\u00e3o de t\u00edtulos da d\u00edvida externa com vencimento em 2026"},"content":{"rendered":"<p> O Tesouro Nacional anunciou o lan\u00e7amento de b\u00f4nus da Rep\u00fablica (<strong><em>t\u00edtulos da d\u00edvida externa<\/em><\/strong>) em d\u00f3lares com vencimento em 7 de abril de 2026. A emiss\u00e3o do Global 2026, nome dado ao t\u00edtulo, ser\u00e1 liderada pelos bancos Bank of America Merrill Lynch e J.P Morgan.<\/p>\n<p>O resultado da emiss\u00e3o ser\u00e1 divulgado ao final do dia. \u00c9 o primeiro lan\u00e7amento desse tipo de t\u00edtulos desde setembro de 2014, quando houve uma opera\u00e7\u00e3o com Global 2025.<\/p>\n<p>Com a medida, o Tesouro Nacional poder\u00e1 verificar a percep\u00e7\u00e3o internacional sobre a economia brasileira. O lan\u00e7amento permite o governo identificar qual \u00e9 a tend\u00eancia do custo de capta\u00e7\u00e3o para os pr\u00f3ximos meses de recursos estrangeiros para o Brasil e suas empresas no exterior. No m\u00eas passado, a ag\u00eancia de classifica\u00e7\u00e3o de risco Moody&#8217;s retirou o grau de investimento do Brasil.<\/p>\n<p>Daniel Lima &#8211; Rep\u00f3rter da Ag\u00eancia Brasil<br \/>\nEdi\u00e7\u00e3o: Juliana Andrade<br \/>\n11\/03\/2016<br \/>\n&#8212;<\/p>\n<p>A Empresa Brasil de Comunica\u00e7\u00e3o \u00e9 uma institui\u00e7\u00e3o da democracia brasileira: p\u00fablica, inclusiva e cidad\u00e3.  Criada em 2007 para fortalecer o sistema p\u00fablico de comunica\u00e7\u00e3o, \u00e9 gestora dos canais TV Brasil, TV Brasil Internacional, Ag\u00eancia Brasil, Radioag\u00eancia Nacional e do sistema p\u00fablico de R\u00e1dio \u2013 composto por oito emissoras. Estes, por sua independ\u00eancia editorial, distinguem-se dos canais estatais ou governamentais, com conte\u00fados diferenciados e complementares aos canais privados. Os ve\u00edculos da EBC t\u00eam autonomia para definir produ\u00e7\u00e3o, programa\u00e7\u00e3o e distribui\u00e7\u00e3o de conte\u00fados.<\/p>\n","protected":false},"excerpt":{"rendered":"<p>O Tesouro Nacional anunciou o lan\u00e7amento de b\u00f4nus da Rep\u00fablica (t\u00edtulos da d\u00edvida externa) em d\u00f3lares com vencimento em 7 de abril de 2026. A emiss\u00e3o do Global 2026, nome dado ao t\u00edtulo, ser\u00e1 liderada pelos bancos Bank of America Merrill Lynch e J.P Morgan. O resultado da emiss\u00e3o ser\u00e1 divulgado ao final do dia. [&hellip;]<\/p>\n","protected":false},"author":2,"featured_media":40734,"comment_status":"open","ping_status":"closed","sticky":false,"template":"","format":"standard","meta":{"_genesis_hide_title":false,"_genesis_hide_breadcrumbs":false,"_genesis_hide_singular_image":false,"_genesis_hide_footer_widgets":false,"_genesis_custom_body_class":"","_genesis_custom_post_class":"","_genesis_layout":"","_jetpack_memberships_contains_paid_content":false,"footnotes":""},"categories":[22,7],"tags":[],"class_list":{"0":"post-82192","1":"post","2":"type-post","3":"status-publish","4":"format-standard","5":"has-post-thumbnail","7":"category-brasil","8":"category-economia","9":"entry","10":"gs-1","11":"gs-odd","12":"gs-even","13":"gs-featured-content-entry"},"jetpack_featured_media_url":"https:\/\/www.redenoticia.com.br\/noticia\/imagens\/economia-resultados.jpg","jetpack_sharing_enabled":true,"jetpack_likes_enabled":true,"_links":{"self":[{"href":"https:\/\/www.redenoticia.com.br\/noticia\/wp-json\/wp\/v2\/posts\/82192","targetHints":{"allow":["GET"]}}],"collection":[{"href":"https:\/\/www.redenoticia.com.br\/noticia\/wp-json\/wp\/v2\/posts"}],"about":[{"href":"https:\/\/www.redenoticia.com.br\/noticia\/wp-json\/wp\/v2\/types\/post"}],"author":[{"embeddable":true,"href":"https:\/\/www.redenoticia.com.br\/noticia\/wp-json\/wp\/v2\/users\/2"}],"replies":[{"embeddable":true,"href":"https:\/\/www.redenoticia.com.br\/noticia\/wp-json\/wp\/v2\/comments?post=82192"}],"version-history":[{"count":0,"href":"https:\/\/www.redenoticia.com.br\/noticia\/wp-json\/wp\/v2\/posts\/82192\/revisions"}],"wp:featuredmedia":[{"embeddable":true,"href":"https:\/\/www.redenoticia.com.br\/noticia\/wp-json\/wp\/v2\/media\/40734"}],"wp:attachment":[{"href":"https:\/\/www.redenoticia.com.br\/noticia\/wp-json\/wp\/v2\/media?parent=82192"}],"wp:term":[{"taxonomy":"category","embeddable":true,"href":"https:\/\/www.redenoticia.com.br\/noticia\/wp-json\/wp\/v2\/categories?post=82192"},{"taxonomy":"post_tag","embeddable":true,"href":"https:\/\/www.redenoticia.com.br\/noticia\/wp-json\/wp\/v2\/tags?post=82192"}],"curies":[{"name":"wp","href":"https:\/\/api.w.org\/{rel}","templated":true}]}}