{"id":82190,"date":"2016-03-11T10:25:54","date_gmt":"2016-03-11T13:25:54","guid":{"rendered":"http:\/\/www.redenoticia.com.br\/noticia\/?p=82190"},"modified":"2016-03-10T18:27:20","modified_gmt":"2016-03-10T21:27:20","slug":"vendas-do-comercio-varejista-tem-queda-de-15-em-janeiro","status":"publish","type":"post","link":"https:\/\/www.redenoticia.com.br\/noticia\/2016\/vendas-do-comercio-varejista-tem-queda-de-15-em-janeiro\/82190","title":{"rendered":"Vendas do com\u00e9rcio varejista t\u00eam queda de 1,5% em janeiro"},"content":{"rendered":"<p> As <strong><em>vendas do com\u00e9rcio varejista<\/em><\/strong> do pa\u00eds fecharam janeiro deste ano com retra\u00e7\u00e3o de 1,5% sobre dezembro, na s\u00e9rie livre de influ\u00eancias sazonais. Quando comparada a janeiro de 2015, s\u00e9rie sem ajuste sazonal, a queda chega a 10,3% no d\u00e9cimo resultado negativo consecutivo.<\/p>\n<p>No per\u00edodo de 12 meses at\u00e9 janeiro, a queda \u00e9 de 5,2% \u2013 a perda mais intensa de toda a s\u00e9rie hist\u00f3rica, iniciada em 2001, mantendo uma trajet\u00f3ria de redu\u00e7\u00e3o iniciada em julho de 2014, quando chegou a 4,3%.<\/p>\n<p>Os dados da Pesquisa Mensal do Com\u00e9rcio (PMC) foram divulgados pelo Instituto Brasileiro de Geografia e Estat\u00edstica (IBGE) e indicam que a receita nominal do setor fechou janeiro est\u00e1vel na s\u00e9rie livre de influ\u00eancias sazonais (0,1% de varia\u00e7\u00e3o) e crescimento de 1% em rela\u00e7\u00e3o a janeiro do ano passado. No acumulado dos \u00faltimos doze meses, a receita nominal acusou diminui\u00e7\u00e3o de 2,8%.<\/p>\n<p>M\u00e9dia m\u00f3vel<\/p>\n<p>Com a redu\u00e7\u00e3o de 1,5% verificada em janeiro, frente a dezembro de 2015, a varia\u00e7\u00e3o da m\u00e9dia m\u00f3vel trimestral (comparada \u00e0 m\u00e9dia m\u00f3vel dos tr\u00eas meses encerrados em dezembro) ampliou o ritmo de redu\u00e7\u00e3o ao passar de -0,5% para 1,2%. J\u00e1 a m\u00e9dia m\u00f3vel da receita nominal fechou tamb\u00e9m est\u00e1vel (-0,1%) em janeiro.<\/p>\n<p>Na s\u00e9rie sem ajuste sazonal, o total das vendas assinalou uma redu\u00e7\u00e3o de 10,3% em rela\u00e7\u00e3o a janeiro de 2015, d\u00e9cima varia\u00e7\u00e3o negativa consecutiva nesse tipo de compara\u00e7\u00e3o. Assim, o resultado para o volume de vendas teve perda de ritmo em rela\u00e7\u00e3o ao segundo semestre de 2015 (-6,3%).<\/p>\n<p>A taxa anualizada de -5,2%, indicador acumulado nos \u00faltimos 12 meses, assinalou a perda mais intensa da s\u00e9rie hist\u00f3rica, iniciada em 2001, e manteve a trajet\u00f3ria descendente observada a partir de julho de 2014 (4,3%). A receita nominal apresentou taxas de varia\u00e7\u00e3o de 1,0% em rela\u00e7\u00e3o a janeiro de 2015 e de 2,8% nos \u00faltimos doze meses.<\/p>\n<p>Quanto aos dados relativos ao com\u00e9rcio varejista ampliado &#8211;  incluindo o varejo e as atividades de ve\u00edculos, motos, partes e pe\u00e7as e de material de constru\u00e7\u00e3o &#8211; as varia\u00e7\u00f5es sobre o m\u00eas imediatamente anterior tamb\u00e9m foram negativas, com taxas em janeiro de -1,6% para volume de vendas e de -0,7% para a receita nominal.<\/p>\n<p>Em rela\u00e7\u00e3o ao mesmo m\u00eas do ano anterior, a queda foi de 13,3% para o volume de vendas e de 4,7% na receita nominal. No acumulado dos \u00faltimos doze meses, as perdas foram de -9,3% para o volume de vendas e de -2,3% para a receita nominal.<\/p>\n<p>Atividades<\/p>\n<p>A queda de 1,5% nas vendas do com\u00e9rcio varejista em janeiro de 2016, em rela\u00e7\u00e3o a dezembro de 2015, reflete varia\u00e7\u00f5es negativas em seis das oito atividades pesquisadas pelo IBGE.<\/p>\n<p>Setorialmente, os principais destaques negativos vieram do recuo de 4,3% no setor de m\u00f3veis e eletrodom\u00e9sticos, segunda taxa negativa consecutiva nessa compara\u00e7\u00e3o, per\u00edodo que acumulou perda de 12,3%; depois, aparecem hipermercados, supermercados, produtos aliment\u00edcios, bebidas e fumo (-0,9%), atividades de maior peso na estrutura do varejo e com recuo pelo terceiro m\u00eas.<\/p>\n<p>A atividade de combust\u00edveis e lubrificantes fechou com redu\u00e7\u00e3o de vendas (3,1%); o item outros artigos de uso pessoal e dom\u00e9stico caiu 1,8%; tecidos, vestu\u00e1rio e cal\u00e7ados (-0,5%); e livros, jornais, revistas e papelarias (-0,1%).<\/p>\n<p>J\u00e1 artigos farmac\u00eauticos, m\u00e9dicos, ortop\u00e9dicos,  perfumaria e cosm\u00e9ticos tiveram varia\u00e7\u00e3o de 0,1%, mantendo-se praticamente est\u00e1veis em rela\u00e7\u00e3o a dezembro de 2015.<\/p>\n<p>Considerando o varejo ampliado, a redu\u00e7\u00e3o de 1,6% aumentou em janeiro o ritmo de queda frente a dezembro (-1%). O resultado de janeiro sofreu influ\u00eancia, principalmente, das vendas em material de constru\u00e7\u00e3o (-6,6%), ap\u00f3s crescimento de 3,2% no m\u00eas anterior; seguido por ve\u00edculos e motos, partes e pe\u00e7as (-0,4%).<\/p>\n<p>Compara\u00e7\u00e3o com 2015<\/p>\n<p>A queda de 10,3% nas vendas do com\u00e9rcio varejista na compara\u00e7\u00e3o com janeiro de 2015 (s\u00e9rie sem ajuste sazonal), al\u00e9m de ter sido a d\u00e9cima taxa negativa seguida, registrou o recuo mais acentuado desde os 11,4% de mar\u00e7o de 2003.<\/p>\n<p>Segundo o IBGE, todas as oito atividades do varejo acusaram varia\u00e7\u00f5es negativas, com destaque para m\u00f3veis e eletrodom\u00e9sticos (retra\u00e7\u00e3o de 24,3%); hipermercados, supermercados, produtos aliment\u00edcios, bebidas e fumo (queda de 5,8%); combust\u00edveis e lubrificantes (-14,1%); outros artigos de uso pessoal e dom\u00e9stico (-12,5%); tecidos, vestu\u00e1rio e cal\u00e7ados (-13,8%); e equipamentos e material para escrit\u00f3rio, inform\u00e1tica e comunica\u00e7\u00e3o (-24,0%).<\/p>\n<p>A pesquisa indica que o setor formado por m\u00f3veis e eletrodom\u00e9sticos foi o exerceu o maior impacto negativo no desempenho global das vendas. \u201cCom uma din\u00e2mica de vendas associada \u00e0 disponibilidade de cr\u00e9dito, os resultados do setor, abaixo da m\u00e9dia geral, foram influenciados, principalmente, pela eleva\u00e7\u00e3o da taxa de juros , al\u00e9m da redu\u00e7\u00e3o da renda real das fam\u00edlias\u201d, informou o IBGE.<\/p>\n<p>Em janeiro de 2016, a segunda maior contribui\u00e7\u00e3o negativa na forma\u00e7\u00e3o da taxa das vendas do varejo veio da atividade de hipermercados, supermercados, produtos aliment\u00edcios, bebidas e fumo, com varia\u00e7\u00e3o de -5,8% sobre janeiro de 2015.<\/p>\n<p>J\u00e1 o item combust\u00edveis e lubrificantes foi respons\u00e1vel pelo terceiro maior impacto negativo na forma\u00e7\u00e3o da taxa global ao fechar janeiro de 2016 com queda de 14,1% diante de janeiro de 2015. O desempenho do setor foi influenciado pela alta de pre\u00e7os dos combust\u00edveis.<\/p>\n<p>Varejo Ampliado<\/p>\n<p>O desempenho negativo do setor de ve\u00edculos, motos, partes e pe\u00e7as (queda de 18,9% entre janeiro de 2015 e janeiro de 2016) foi o principal fator para que o com\u00e9rcio varejista ampliado fechasse janeiro com queda de 13,3%,  a mais acentuada da s\u00e9rie hist\u00f3rica.<\/p>\n<p>A atividade respondeu por 38% da redu\u00e7\u00e3o da taxa global do varejo ampliado. A redu\u00e7\u00e3o das vendas no segmento est\u00e1 associada ao menor ritmo da atividade econ\u00f4mica e menor ritmo na oferta de cr\u00e9dito.<\/p>\n<p>Embora com menor peso, a redu\u00e7\u00e3o das vendas no segmento de material de constru\u00e7\u00e3o tamb\u00e9m influenciou o resultado, com a varia\u00e7\u00e3o no volume de vendas de -18,5% na compara\u00e7\u00e3o com o janeiro de 2015, consolidando a maior queda da sua s\u00e9rie hist\u00f3rica.<\/p>\n<p>Segundo o IBGE, embora permane\u00e7am alguns incentivos ao setor, como a manuten\u00e7\u00e3o dos n\u00edveis do cr\u00e9dito habitacional, o desempenho da atividade, abaixo da m\u00e9dia, \u201creflete o atual quadro macroecon\u00f4mico, especialmente no que tange a cr\u00e9dito e massa de rendimento real das pessoas ocupadas\u201d.<\/p>\n<p>Texto alterado \u00e0s 10h35 para acr\u00e9scimo de informa\u00e7\u00f5es<\/p>\n<p>Nielmar de Oliveira &#8211; Rep\u00f3rter da Ag\u00eancia Brasil<br \/>\nEdi\u00e7\u00e3o: Kleber Sampaio<br \/>\n11\/03\/2016<\/p>\n","protected":false},"excerpt":{"rendered":"<p>As vendas do com\u00e9rcio varejista do pa\u00eds fecharam janeiro deste ano com retra\u00e7\u00e3o de 1,5% sobre dezembro, na s\u00e9rie livre de influ\u00eancias sazonais. Quando comparada a janeiro de 2015, s\u00e9rie sem ajuste sazonal, a queda chega a 10,3% no d\u00e9cimo resultado negativo consecutivo. No per\u00edodo de 12 meses at\u00e9 janeiro, a queda \u00e9 de 5,2% [&hellip;]<\/p>\n","protected":false},"author":2,"featured_media":57585,"comment_status":"open","ping_status":"closed","sticky":false,"template":"","format":"standard","meta":{"_genesis_hide_title":false,"_genesis_hide_breadcrumbs":false,"_genesis_hide_singular_image":false,"_genesis_hide_footer_widgets":false,"_genesis_custom_body_class":"","_genesis_custom_post_class":"","_genesis_layout":"","_jetpack_memberships_contains_paid_content":false,"footnotes":""},"categories":[22,7],"tags":[],"class_list":{"0":"post-82190","1":"post","2":"type-post","3":"status-publish","4":"format-standard","5":"has-post-thumbnail","7":"category-brasil","8":"category-economia","9":"entry","10":"gs-1","11":"gs-odd","12":"gs-even","13":"gs-featured-content-entry"},"jetpack_featured_media_url":"https:\/\/www.redenoticia.com.br\/noticia\/imagens\/analise-economia.jpg","jetpack_sharing_enabled":true,"jetpack_likes_enabled":true,"_links":{"self":[{"href":"https:\/\/www.redenoticia.com.br\/noticia\/wp-json\/wp\/v2\/posts\/82190","targetHints":{"allow":["GET"]}}],"collection":[{"href":"https:\/\/www.redenoticia.com.br\/noticia\/wp-json\/wp\/v2\/posts"}],"about":[{"href":"https:\/\/www.redenoticia.com.br\/noticia\/wp-json\/wp\/v2\/types\/post"}],"author":[{"embeddable":true,"href":"https:\/\/www.redenoticia.com.br\/noticia\/wp-json\/wp\/v2\/users\/2"}],"replies":[{"embeddable":true,"href":"https:\/\/www.redenoticia.com.br\/noticia\/wp-json\/wp\/v2\/comments?post=82190"}],"version-history":[{"count":0,"href":"https:\/\/www.redenoticia.com.br\/noticia\/wp-json\/wp\/v2\/posts\/82190\/revisions"}],"wp:featuredmedia":[{"embeddable":true,"href":"https:\/\/www.redenoticia.com.br\/noticia\/wp-json\/wp\/v2\/media\/57585"}],"wp:attachment":[{"href":"https:\/\/www.redenoticia.com.br\/noticia\/wp-json\/wp\/v2\/media?parent=82190"}],"wp:term":[{"taxonomy":"category","embeddable":true,"href":"https:\/\/www.redenoticia.com.br\/noticia\/wp-json\/wp\/v2\/categories?post=82190"},{"taxonomy":"post_tag","embeddable":true,"href":"https:\/\/www.redenoticia.com.br\/noticia\/wp-json\/wp\/v2\/tags?post=82190"}],"curies":[{"name":"wp","href":"https:\/\/api.w.org\/{rel}","templated":true}]}}