{"id":82188,"date":"2016-03-11T10:24:17","date_gmt":"2016-03-11T13:24:17","guid":{"rendered":"http:\/\/www.redenoticia.com.br\/noticia\/?p=82188"},"modified":"2016-03-10T18:25:50","modified_gmt":"2016-03-10T21:25:50","slug":"indicador-de-intencao-de-investimentos-da-industria-recua-123-pontos-diz-fgv","status":"publish","type":"post","link":"https:\/\/www.redenoticia.com.br\/noticia\/2016\/indicador-de-intencao-de-investimentos-da-industria-recua-123-pontos-diz-fgv\/82188","title":{"rendered":"Indicador de Inten\u00e7\u00e3o de Investimentos da Ind\u00fastria recua 12,3 pontos, diz FGV"},"content":{"rendered":"<p> O Indicador de <strong><em>Inten\u00e7\u00e3o de Investimentos da Ind\u00fastria<\/em><\/strong> recuou 12,3 pontos no primeiro trimestre deste ano, na compara\u00e7\u00e3o com o trimestre anterior. O \u00edndice, medido pela Funda\u00e7\u00e3o Getulio Vargas (FGV), atingiu 72,6 pontos, o menor patamar desde o in\u00edcio da s\u00e9rie hist\u00f3rica, no terceiro trimestre de 2012. Na compara\u00e7\u00e3o com o primeiro trimestre de 2015, a queda \u00e9 de 28,2 pontos.<\/p>\n<p>O indicador, que varia em uma escala de zero a 200, busca analisar a inten\u00e7\u00e3o de investimento dos empres\u00e1rios da ind\u00fastria para os pr\u00f3ximos 12 meses. Os valores abaixo de 100 pontos significam que a maioria das empresas prev\u00ea investir menos.<\/p>\n<p>No primeiro trimestre de 2016, 16,8% das empresas est\u00e3o estimando investir mais nos 12 meses seguintes e 44,2% pretendem investir menos. No trimestre do ano anterior, esses percentuais haviam sido de 15,7% e 30,8%, respectivamente.<\/p>\n<p>Vitor Abdala \u2013 Rep\u00f3rter da Ag\u00eancia Brasil<br \/>\nEdi\u00e7\u00e3o: Kleber Sampaio<br \/>\n11\/03\/2016<br \/>\n&#8212;<\/p>\n<p>A Empresa Brasil de Comunica\u00e7\u00e3o \u00e9 uma institui\u00e7\u00e3o da democracia brasileira: p\u00fablica, inclusiva e cidad\u00e3.  Criada em 2007 para fortalecer o sistema p\u00fablico de comunica\u00e7\u00e3o, \u00e9 gestora dos canais TV Brasil, TV Brasil Internacional, Ag\u00eancia Brasil, Radioag\u00eancia Nacional e do sistema p\u00fablico de R\u00e1dio \u2013 composto por oito emissoras. Estes, por sua independ\u00eancia editorial, distinguem-se dos canais estatais ou governamentais, com conte\u00fados diferenciados e complementares aos canais privados. Os ve\u00edculos da EBC t\u00eam autonomia para definir produ\u00e7\u00e3o, programa\u00e7\u00e3o e distribui\u00e7\u00e3o de conte\u00fados.<\/p>\n","protected":false},"excerpt":{"rendered":"<p>O Indicador de Inten\u00e7\u00e3o de Investimentos da Ind\u00fastria recuou 12,3 pontos no primeiro trimestre deste ano, na compara\u00e7\u00e3o com o trimestre anterior. O \u00edndice, medido pela Funda\u00e7\u00e3o Getulio Vargas (FGV), atingiu 72,6 pontos, o menor patamar desde o in\u00edcio da s\u00e9rie hist\u00f3rica, no terceiro trimestre de 2012. Na compara\u00e7\u00e3o com o primeiro trimestre de 2015, [&hellip;]<\/p>\n","protected":false},"author":2,"featured_media":57583,"comment_status":"open","ping_status":"closed","sticky":false,"template":"","format":"standard","meta":{"_genesis_hide_title":false,"_genesis_hide_breadcrumbs":false,"_genesis_hide_singular_image":false,"_genesis_hide_footer_widgets":false,"_genesis_custom_body_class":"","_genesis_custom_post_class":"","_genesis_layout":"","_jetpack_memberships_contains_paid_content":false,"footnotes":""},"categories":[22,7],"tags":[],"class_list":{"0":"post-82188","1":"post","2":"type-post","3":"status-publish","4":"format-standard","5":"has-post-thumbnail","7":"category-brasil","8":"category-economia","9":"entry","10":"gs-1","11":"gs-odd","12":"gs-even","13":"gs-featured-content-entry"},"jetpack_featured_media_url":"https:\/\/www.redenoticia.com.br\/noticia\/imagens\/economia-grafico.jpg","jetpack_sharing_enabled":true,"jetpack_likes_enabled":true,"_links":{"self":[{"href":"https:\/\/www.redenoticia.com.br\/noticia\/wp-json\/wp\/v2\/posts\/82188","targetHints":{"allow":["GET"]}}],"collection":[{"href":"https:\/\/www.redenoticia.com.br\/noticia\/wp-json\/wp\/v2\/posts"}],"about":[{"href":"https:\/\/www.redenoticia.com.br\/noticia\/wp-json\/wp\/v2\/types\/post"}],"author":[{"embeddable":true,"href":"https:\/\/www.redenoticia.com.br\/noticia\/wp-json\/wp\/v2\/users\/2"}],"replies":[{"embeddable":true,"href":"https:\/\/www.redenoticia.com.br\/noticia\/wp-json\/wp\/v2\/comments?post=82188"}],"version-history":[{"count":0,"href":"https:\/\/www.redenoticia.com.br\/noticia\/wp-json\/wp\/v2\/posts\/82188\/revisions"}],"wp:featuredmedia":[{"embeddable":true,"href":"https:\/\/www.redenoticia.com.br\/noticia\/wp-json\/wp\/v2\/media\/57583"}],"wp:attachment":[{"href":"https:\/\/www.redenoticia.com.br\/noticia\/wp-json\/wp\/v2\/media?parent=82188"}],"wp:term":[{"taxonomy":"category","embeddable":true,"href":"https:\/\/www.redenoticia.com.br\/noticia\/wp-json\/wp\/v2\/categories?post=82188"},{"taxonomy":"post_tag","embeddable":true,"href":"https:\/\/www.redenoticia.com.br\/noticia\/wp-json\/wp\/v2\/tags?post=82188"}],"curies":[{"name":"wp","href":"https:\/\/api.w.org\/{rel}","templated":true}]}}