{"id":82103,"date":"2016-03-10T10:34:38","date_gmt":"2016-03-10T13:34:38","guid":{"rendered":"http:\/\/www.redenoticia.com.br\/noticia\/?p=82103"},"modified":"2016-03-09T15:35:48","modified_gmt":"2016-03-09T18:35:48","slug":"fluxo-cambial-tem-em-fevereiro-pior-resultado-desde-dezembro-de-2014","status":"publish","type":"post","link":"https:\/\/www.redenoticia.com.br\/noticia\/2016\/fluxo-cambial-tem-em-fevereiro-pior-resultado-desde-dezembro-de-2014\/82103","title":{"rendered":"Fluxo cambial tem em fevereiro pior resultado desde dezembro de 2014"},"content":{"rendered":"<p> O saldo da entrada e sa\u00edda de d\u00f3lares do pa\u00eds, <strong><em>fluxo cambial<\/em><\/strong>, ficou negativo em US$ 9,294 bilh\u00f5es no m\u00eas de fevereiro. \u00c9 o pior resultado desde dezembro de 2014, quando houve d\u00e9ficit de US$ 14,050 bilh\u00f5es. Os n\u00fameros foram divulgados pelo Banco Central.<\/p>\n<p>A maior parte do resultado negativo no m\u00eas passado deve-se ao segmento financeiro (investimentos em t\u00edtulos, remessas de lucros e dividendos ao exterior e investimentos estrangeiros diretos, entre outras opera\u00e7\u00f5es), com entradas menores que as sa\u00eddas em US$ 11,231 bilh\u00f5es.<\/p>\n<p>No segmento comercial (opera\u00e7\u00f5es de c\u00e2mbio relacionadas a exporta\u00e7\u00f5es e importa\u00e7\u00f5es), o saldo ficou positivo em US$ 1,936 bilh\u00e3o, valor insuficiente para reverter o resultado negativo do m\u00eas de fevereiro.<\/p>\n<p>No m\u00eas de mar\u00e7o at\u00e9 o \u00faltimo dia 4, o saldo est\u00e1 positivo em US$ 994 milh\u00f5es, com o segmento financeiro positivo em US$ 1,715 bilh\u00e3o e o comercial com d\u00e9ficit de US$ 721 bilh\u00f5es.<\/p>\n<p>No acumulado do ano at\u00e9 4 de mar\u00e7o, o saldo negativo do fluxo cambial ficou em US$ 6,825 bilh\u00f5es. Nesse per\u00edodo, o fluxo financeiro registrou saldo negativo de US$ 11,395 bilh\u00f5es e o comercial ficou positivo em US$ 4,570 bilh\u00f5es.<\/p>\n<p>Daniel Lima &#8211; Rep\u00f3rter da Ag\u00eancia Brasil<br \/>\nEdi\u00e7\u00e3o: Juliana Andrade<br \/>\n10\/03\/2016<br \/>\n&#8212;<br \/>\nA Empresa Brasil de Comunica\u00e7\u00e3o \u00e9 uma institui\u00e7\u00e3o da democracia brasileira: p\u00fablica, inclusiva e cidad\u00e3. Criada em 2007 para fortalecer o sistema p\u00fablico de comunica\u00e7\u00e3o, \u00e9 gestora dos canais TV Brasil, TV Brasil Internacional, Ag\u00eancia Brasil, Radioag\u00eancia Nacional e do sistema p\u00fablico de R\u00e1dio \u2013 composto por oito emissoras. Estes, por sua independ\u00eancia editorial, distinguem-se dos canais estatais ou governamentais, com conte\u00fados diferenciados e complementares aos canais privados. Os ve\u00edculos da EBC t\u00eam autonomia para definir produ\u00e7\u00e3o, programa\u00e7\u00e3o e distribui\u00e7\u00e3o de conte\u00fados.<\/p>\n","protected":false},"excerpt":{"rendered":"<p>O saldo da entrada e sa\u00edda de d\u00f3lares do pa\u00eds, fluxo cambial, ficou negativo em US$ 9,294 bilh\u00f5es no m\u00eas de fevereiro. \u00c9 o pior resultado desde dezembro de 2014, quando houve d\u00e9ficit de US$ 14,050 bilh\u00f5es. Os n\u00fameros foram divulgados pelo Banco Central. A maior parte do resultado negativo no m\u00eas passado deve-se ao [&hellip;]<\/p>\n","protected":false},"author":2,"featured_media":38938,"comment_status":"open","ping_status":"closed","sticky":false,"template":"","format":"standard","meta":{"_genesis_hide_title":false,"_genesis_hide_breadcrumbs":false,"_genesis_hide_singular_image":false,"_genesis_hide_footer_widgets":false,"_genesis_custom_body_class":"","_genesis_custom_post_class":"","_genesis_layout":"","_jetpack_memberships_contains_paid_content":false,"footnotes":""},"categories":[22,7],"tags":[],"class_list":{"0":"post-82103","1":"post","2":"type-post","3":"status-publish","4":"format-standard","5":"has-post-thumbnail","7":"category-brasil","8":"category-economia","9":"entry","10":"gs-1","11":"gs-odd","12":"gs-even","13":"gs-featured-content-entry"},"jetpack_featured_media_url":"https:\/\/www.redenoticia.com.br\/noticia\/imagens\/economia1.jpg","jetpack_sharing_enabled":true,"jetpack_likes_enabled":true,"_links":{"self":[{"href":"https:\/\/www.redenoticia.com.br\/noticia\/wp-json\/wp\/v2\/posts\/82103","targetHints":{"allow":["GET"]}}],"collection":[{"href":"https:\/\/www.redenoticia.com.br\/noticia\/wp-json\/wp\/v2\/posts"}],"about":[{"href":"https:\/\/www.redenoticia.com.br\/noticia\/wp-json\/wp\/v2\/types\/post"}],"author":[{"embeddable":true,"href":"https:\/\/www.redenoticia.com.br\/noticia\/wp-json\/wp\/v2\/users\/2"}],"replies":[{"embeddable":true,"href":"https:\/\/www.redenoticia.com.br\/noticia\/wp-json\/wp\/v2\/comments?post=82103"}],"version-history":[{"count":0,"href":"https:\/\/www.redenoticia.com.br\/noticia\/wp-json\/wp\/v2\/posts\/82103\/revisions"}],"wp:featuredmedia":[{"embeddable":true,"href":"https:\/\/www.redenoticia.com.br\/noticia\/wp-json\/wp\/v2\/media\/38938"}],"wp:attachment":[{"href":"https:\/\/www.redenoticia.com.br\/noticia\/wp-json\/wp\/v2\/media?parent=82103"}],"wp:term":[{"taxonomy":"category","embeddable":true,"href":"https:\/\/www.redenoticia.com.br\/noticia\/wp-json\/wp\/v2\/categories?post=82103"},{"taxonomy":"post_tag","embeddable":true,"href":"https:\/\/www.redenoticia.com.br\/noticia\/wp-json\/wp\/v2\/tags?post=82103"}],"curies":[{"name":"wp","href":"https:\/\/api.w.org\/{rel}","templated":true}]}}