{"id":82101,"date":"2016-03-10T10:33:28","date_gmt":"2016-03-10T13:33:28","guid":{"rendered":"http:\/\/www.redenoticia.com.br\/noticia\/?p=82101"},"modified":"2016-03-09T15:34:30","modified_gmt":"2016-03-09T18:34:30","slug":"ibge-inflacao-sobe-mais-para-os-que-ganham-menos","status":"publish","type":"post","link":"https:\/\/www.redenoticia.com.br\/noticia\/2016\/ibge-inflacao-sobe-mais-para-os-que-ganham-menos\/82101","title":{"rendered":"IBGE: infla\u00e7\u00e3o sobe mais para os que ganham menos"},"content":{"rendered":"<p> A <strong><em>infla\u00e7\u00e3o<\/em><\/strong> pelo \u00cdndice Nacional de Pre\u00e7os ao Consumidor (INPC), que mede a varia\u00e7\u00e3o de pre\u00e7os para as fam\u00edlias de menor renda (entre 1 a 5 sal\u00e1rios m\u00ednimos) subiu 0,95% em fevereiro, ficando 0,5 ponto percentual acima do IPCA do m\u00eas (0,90%), que analisa a varia\u00e7\u00e3o de pre\u00e7os para as fam\u00edlias com rendimento de at\u00e9 40 sal\u00e1rios m\u00ednimos.<\/p>\n<p>Os dados foram divulgados pelo Instituto Brasileiro de Geografia e Estat\u00edstica. Segundo o IBGE, a taxa de 0,95% relativa ao INPC de fevereiro foi 0,56 ponto percentual inferior ao INPC de janeiro: 1,51%.<\/p>\n<p>Com o resultado, o INPC acumula alta de 2,47% nos dois primeiros meses do ano, resultado superior aos 2,18% do IPCA acumulado no bimestre \u2013 0,29 ponto percentual maior. Nos \u00faltimos doze meses, o \u00edndice ficou em 11,08%, abaixo dos 11,31% dos doze meses anteriores. Em fevereiro de 2015, o INPC foi 1,16%.<\/p>\n<p>Alimentos<\/p>\n<p>Os produtos aliment\u00edcios tiveram alta de 1,19% em fevereiro, enquanto em janeiro subiram 2,41%. O grupo dos n\u00e3o aliment\u00edcios teve varia\u00e7\u00e3o de 0,84% em fevereiro, abaixo da taxa de 1,11% de janeiro. O maior \u00edndice regional foi de Recife (1,61%), destacando-se a alta de 9,24% nas tarifas dos \u00f4nibus urbanos. As menores taxas ficaram com Vit\u00f3ria (0,4%) e Campo Grande (0,44%), onde os pre\u00e7os dos alimentos subiram 0,44% em ambas as cidades, bem abaixo da m\u00e9dia nacional (1,19%).<\/p>\n<p>Para o INPC, o IBGE adota a mesma metodologia de c\u00e1lculo do IPCA. A diferen\u00e7a entre os dois \u00edndices envolve os rendimentos das fam\u00edlias, mas a abrang\u00eancia \u00e9 id\u00eantica: as mesmas dez regi\u00f5es metropolitanas do pa\u00eds, al\u00e9m dos munic\u00edpios de Goi\u00e2nia, Campo Grande e de Bras\u00edlia.<\/p>\n<p>Nielmar de Oliveira &#8211; Rep\u00f3rter da Ag\u00eancia Brasil<br \/>\nEdi\u00e7\u00e3o: Kleber Sampaio<br \/>\n10\/03\/2016<br \/>\n&#8212;<br \/>\nA Empresa Brasil de Comunica\u00e7\u00e3o \u00e9 uma institui\u00e7\u00e3o da democracia brasileira: p\u00fablica, inclusiva e cidad\u00e3. Criada em 2007 para fortalecer o sistema p\u00fablico de comunica\u00e7\u00e3o, \u00e9 gestora dos canais TV Brasil, TV Brasil Internacional, Ag\u00eancia Brasil, Radioag\u00eancia Nacional e do sistema p\u00fablico de R\u00e1dio \u2013 composto por oito emissoras. Estes, por sua independ\u00eancia editorial, distinguem-se dos canais estatais ou governamentais, com conte\u00fados diferenciados e complementares aos canais privados. Os ve\u00edculos da EBC t\u00eam autonomia para definir produ\u00e7\u00e3o, programa\u00e7\u00e3o e distribui\u00e7\u00e3o de conte\u00fados.<\/p>\n","protected":false},"excerpt":{"rendered":"<p>A infla\u00e7\u00e3o pelo \u00cdndice Nacional de Pre\u00e7os ao Consumidor (INPC), que mede a varia\u00e7\u00e3o de pre\u00e7os para as fam\u00edlias de menor renda (entre 1 a 5 sal\u00e1rios m\u00ednimos) subiu 0,95% em fevereiro, ficando 0,5 ponto percentual acima do IPCA do m\u00eas (0,90%), que analisa a varia\u00e7\u00e3o de pre\u00e7os para as fam\u00edlias com rendimento de at\u00e9 [&hellip;]<\/p>\n","protected":false},"author":2,"featured_media":34916,"comment_status":"open","ping_status":"closed","sticky":false,"template":"","format":"standard","meta":{"_genesis_hide_title":false,"_genesis_hide_breadcrumbs":false,"_genesis_hide_singular_image":false,"_genesis_hide_footer_widgets":false,"_genesis_custom_body_class":"","_genesis_custom_post_class":"","_genesis_layout":"","_jetpack_memberships_contains_paid_content":false,"footnotes":""},"categories":[22,7],"tags":[],"class_list":{"0":"post-82101","1":"post","2":"type-post","3":"status-publish","4":"format-standard","5":"has-post-thumbnail","7":"category-brasil","8":"category-economia","9":"entry","10":"gs-1","11":"gs-odd","12":"gs-even","13":"gs-featured-content-entry"},"jetpack_featured_media_url":"https:\/\/www.redenoticia.com.br\/noticia\/imagens\/inflacao.jpg","jetpack_sharing_enabled":true,"jetpack_likes_enabled":true,"_links":{"self":[{"href":"https:\/\/www.redenoticia.com.br\/noticia\/wp-json\/wp\/v2\/posts\/82101","targetHints":{"allow":["GET"]}}],"collection":[{"href":"https:\/\/www.redenoticia.com.br\/noticia\/wp-json\/wp\/v2\/posts"}],"about":[{"href":"https:\/\/www.redenoticia.com.br\/noticia\/wp-json\/wp\/v2\/types\/post"}],"author":[{"embeddable":true,"href":"https:\/\/www.redenoticia.com.br\/noticia\/wp-json\/wp\/v2\/users\/2"}],"replies":[{"embeddable":true,"href":"https:\/\/www.redenoticia.com.br\/noticia\/wp-json\/wp\/v2\/comments?post=82101"}],"version-history":[{"count":0,"href":"https:\/\/www.redenoticia.com.br\/noticia\/wp-json\/wp\/v2\/posts\/82101\/revisions"}],"wp:featuredmedia":[{"embeddable":true,"href":"https:\/\/www.redenoticia.com.br\/noticia\/wp-json\/wp\/v2\/media\/34916"}],"wp:attachment":[{"href":"https:\/\/www.redenoticia.com.br\/noticia\/wp-json\/wp\/v2\/media?parent=82101"}],"wp:term":[{"taxonomy":"category","embeddable":true,"href":"https:\/\/www.redenoticia.com.br\/noticia\/wp-json\/wp\/v2\/categories?post=82101"},{"taxonomy":"post_tag","embeddable":true,"href":"https:\/\/www.redenoticia.com.br\/noticia\/wp-json\/wp\/v2\/tags?post=82101"}],"curies":[{"name":"wp","href":"https:\/\/api.w.org\/{rel}","templated":true}]}}