{"id":82099,"date":"2016-03-10T10:30:56","date_gmt":"2016-03-10T13:30:56","guid":{"rendered":"http:\/\/www.redenoticia.com.br\/noticia\/?p=82099"},"modified":"2016-03-09T15:33:20","modified_gmt":"2016-03-09T18:33:20","slug":"custo-da-construcao-civil-cresce-084-em-fevereiro","status":"publish","type":"post","link":"https:\/\/www.redenoticia.com.br\/noticia\/2016\/custo-da-construcao-civil-cresce-084-em-fevereiro\/82099","title":{"rendered":"Custo da constru\u00e7\u00e3o civil cresce 0,84% em fevereiro"},"content":{"rendered":"<p> O <strong><em>custo da constru\u00e7\u00e3o<\/em><\/strong>, medido pelo \u00cdndice Nacional da Constru\u00e7\u00e3o Civil (Sinapi), cresceu 0,84% em fevereiro quando chegou a R$ 972,82. A taxa \u00e9 superior \u00e0s observadas em janeiro \u00faltimo (0,55%) e em fevereiro do ano passado (0,18%). O indicador, calculado pelo Instituto Brasileiro de Geografia e Estat\u00edstica (IBGE), acumula alta de pre\u00e7os de 6,55% em 12 meses.<\/p>\n<p>A infla\u00e7\u00e3o de 0,84% de fevereiro deste ano foi influenciada principalmente pelos materiais de constru\u00e7\u00e3o, que tiveram aumento de pre\u00e7os de 1,04% e passaram a custar R$ 523,53 por metro quadrado.<\/p>\n<p>J\u00e1 o metro quadrado da m\u00e3o de obra teve um aumento de pre\u00e7os de 0,6% em fevereiro, pulando para R$ 453,29. Entre as regi\u00f5es, o Nordeste foi onde houve maior varia\u00e7\u00e3o do custo da constru\u00e7\u00e3o civil em fevereiro (1,29%). J\u00e1 entre os estados, a maior infla\u00e7\u00e3o foi observada em Pernambuco: 4,91%.<\/p>\n<p>Vitor Abdala \u2013 Rep\u00f3rter da Ag\u00eancia Brasil<br \/>\nEdi\u00e7\u00e3o: Kleber Sampaio<br \/>\n10\/03\/2016<br \/>\n&#8212;<br \/>\nA Empresa Brasil de Comunica\u00e7\u00e3o \u00e9 uma institui\u00e7\u00e3o da democracia brasileira: p\u00fablica, inclusiva e cidad\u00e3. Criada em 2007 para fortalecer o sistema p\u00fablico de comunica\u00e7\u00e3o, \u00e9 gestora dos canais TV Brasil, TV Brasil Internacional, Ag\u00eancia Brasil, Radioag\u00eancia Nacional e do sistema p\u00fablico de R\u00e1dio \u2013 composto por oito emissoras. Estes, por sua independ\u00eancia editorial, distinguem-se dos canais estatais ou governamentais, com conte\u00fados diferenciados e complementares aos canais privados. Os ve\u00edculos da EBC t\u00eam autonomia para definir produ\u00e7\u00e3o, programa\u00e7\u00e3o e distribui\u00e7\u00e3o de conte\u00fados.<\/p>\n","protected":false},"excerpt":{"rendered":"<p>O custo da constru\u00e7\u00e3o, medido pelo \u00cdndice Nacional da Constru\u00e7\u00e3o Civil (Sinapi), cresceu 0,84% em fevereiro quando chegou a R$ 972,82. A taxa \u00e9 superior \u00e0s observadas em janeiro \u00faltimo (0,55%) e em fevereiro do ano passado (0,18%). O indicador, calculado pelo Instituto Brasileiro de Geografia e Estat\u00edstica (IBGE), acumula alta de pre\u00e7os de 6,55% [&hellip;]<\/p>\n","protected":false},"author":2,"featured_media":57582,"comment_status":"open","ping_status":"closed","sticky":false,"template":"","format":"standard","meta":{"_genesis_hide_title":false,"_genesis_hide_breadcrumbs":false,"_genesis_hide_singular_image":false,"_genesis_hide_footer_widgets":false,"_genesis_custom_body_class":"","_genesis_custom_post_class":"","_genesis_layout":"","_jetpack_memberships_contains_paid_content":false,"footnotes":""},"categories":[22,7],"tags":[],"class_list":{"0":"post-82099","1":"post","2":"type-post","3":"status-publish","4":"format-standard","5":"has-post-thumbnail","7":"category-brasil","8":"category-economia","9":"entry","10":"gs-1","11":"gs-odd","12":"gs-even","13":"gs-featured-content-entry"},"jetpack_featured_media_url":"https:\/\/www.redenoticia.com.br\/noticia\/imagens\/grafico1.jpg","jetpack_sharing_enabled":true,"jetpack_likes_enabled":true,"_links":{"self":[{"href":"https:\/\/www.redenoticia.com.br\/noticia\/wp-json\/wp\/v2\/posts\/82099","targetHints":{"allow":["GET"]}}],"collection":[{"href":"https:\/\/www.redenoticia.com.br\/noticia\/wp-json\/wp\/v2\/posts"}],"about":[{"href":"https:\/\/www.redenoticia.com.br\/noticia\/wp-json\/wp\/v2\/types\/post"}],"author":[{"embeddable":true,"href":"https:\/\/www.redenoticia.com.br\/noticia\/wp-json\/wp\/v2\/users\/2"}],"replies":[{"embeddable":true,"href":"https:\/\/www.redenoticia.com.br\/noticia\/wp-json\/wp\/v2\/comments?post=82099"}],"version-history":[{"count":0,"href":"https:\/\/www.redenoticia.com.br\/noticia\/wp-json\/wp\/v2\/posts\/82099\/revisions"}],"wp:featuredmedia":[{"embeddable":true,"href":"https:\/\/www.redenoticia.com.br\/noticia\/wp-json\/wp\/v2\/media\/57582"}],"wp:attachment":[{"href":"https:\/\/www.redenoticia.com.br\/noticia\/wp-json\/wp\/v2\/media?parent=82099"}],"wp:term":[{"taxonomy":"category","embeddable":true,"href":"https:\/\/www.redenoticia.com.br\/noticia\/wp-json\/wp\/v2\/categories?post=82099"},{"taxonomy":"post_tag","embeddable":true,"href":"https:\/\/www.redenoticia.com.br\/noticia\/wp-json\/wp\/v2\/tags?post=82099"}],"curies":[{"name":"wp","href":"https:\/\/api.w.org\/{rel}","templated":true}]}}