{"id":82097,"date":"2016-03-10T10:28:05","date_gmt":"2016-03-10T13:28:05","guid":{"rendered":"http:\/\/www.redenoticia.com.br\/noticia\/?p=82097"},"modified":"2016-03-09T15:30:45","modified_gmt":"2016-03-09T18:30:45","slug":"indicador-antecedente-de-emprego-cai-11","status":"publish","type":"post","link":"https:\/\/www.redenoticia.com.br\/noticia\/2016\/indicador-antecedente-de-emprego-cai-11\/82097","title":{"rendered":"Indicador Antecedente de Emprego cai 1,1%"},"content":{"rendered":"<p> Ap\u00f3s quatro altas consecutivas, o <strong><em>Indicador Antecedente de Emprego<\/em><\/strong> (IAEmp), que avalia a tend\u00eancia futura do mercado de trabalho, caiu 1,1% em fevereiro, atingindo 72,5 pontos. Os dados foram divulgados pelo Instituto Brasileiro de Economia da Funda\u00e7\u00e3o Getulio Vargas (Ibre\/FGV) que v\u00ea no recuo \u201cuma acomoda\u00e7\u00e3o\u201d do \u00edndice.<\/p>\n<p>A FGV explica que, \u201cap\u00f3s quatro altas consecutivas, entre outubro de 2015 e janeiro de 2016, os n\u00fameros sinalizavam \u201calgum arrefecimento do ritmo de diminui\u00e7\u00e3o do pessoal ocupado na economia brasileira neste in\u00edcio de ano\u201d.<\/p>\n<p>Tamb\u00e9m o Indicador Coincidente de Desemprego (ICD) apresentou queda em fevereiro, ao variar -0,7%, atingindo 97,7 pontos. Esta \u00e9 a segunda redu\u00e7\u00e3o consecutiva do indicador (-1,6% em janeiro), tamb\u00e9m indicando acomoda\u00e7\u00e3o, neste caso da taxa de desemprego no in\u00edcio de 2016, ap\u00f3s um per\u00edodo de fortes altas ao longo de 2015.<\/p>\n<p>Para o economista da FGV, Fernando de Holanda Barbosa Filho, \u201cos dados dos dois indicadores refor\u00e7am o cen\u00e1rio do m\u00eas passado de estabilidade em patamares negativos\u201d. Para ele, os dados do Indicador Antecedente de Emprego, que se encontra em 72,5 pontos, \u201cest\u00e3o muito abaixo da m\u00e9dia do \u00edndice antecedente de emprego, 83,3 pontos, sinalizando pouca chance de melhora no curto prazo\u201d.<\/p>\n<p>J\u00e1 a o \u00cdndice Coincidente de Desemprego reflete \u201cum ambiente de elevado desemprego com o \u00edndice com valores substancialmente acima da m\u00e9dia da s\u00e9rie (79,9 pontos), resultado que ressalta a fragilidade do mercado de trabalho\u201d. Para o economista, a an\u00e1lise conjunta dos indicadores de mercado de trabalho reflete \u201co momento ruim do mercado de trabalho e a tend\u00eancia de deteriora\u00e7\u00e3o para os pr\u00f3ximos meses.\u201d<\/p>\n<p>Contrata\u00e7\u00f5es<\/p>\n<p>Os dados divulgados pela FGV indicam que os n\u00fameros que mais contribu\u00edram para a queda do Indicador do Antecedente de Emprego foram os que medem o \u00edmpeto de contrata\u00e7\u00e3o para os pr\u00f3ximos tr\u00eas meses, bem como a situa\u00e7\u00e3o dos neg\u00f3cios para os pr\u00f3ximos seis meses.<\/p>\n<p>Em rela\u00e7\u00e3o ao \u00cdndice Coincidente de Desemprego, as classes que mais contribu\u00edram para a queda do indicador foram as dos consumidores com renda mensal entre R$ 4.800,00 e R$ 9.600,00, cujo Indicador de Percep\u00e7\u00e3o de Facilidade de se conseguir Emprego variou -3%; e para aqueles cuja renda situa-se entre R$ 2.100 e R$ 4.800,00 &#8211; o indicador tamb\u00e9m variou negativamente: -0,7%.<\/p>\n<p>Nielmar de Oliveira &#8211; Rep\u00f3rter da Ag\u00eancia Brasil<br \/>\nEdi\u00e7\u00e3o: Kleber Sampaio<br \/>\n10\/03\/2016<\/p>\n","protected":false},"excerpt":{"rendered":"<p>Ap\u00f3s quatro altas consecutivas, o Indicador Antecedente de Emprego (IAEmp), que avalia a tend\u00eancia futura do mercado de trabalho, caiu 1,1% em fevereiro, atingindo 72,5 pontos. Os dados foram divulgados pelo Instituto Brasileiro de Economia da Funda\u00e7\u00e3o Getulio Vargas (Ibre\/FGV) que v\u00ea no recuo \u201cuma acomoda\u00e7\u00e3o\u201d do \u00edndice. A FGV explica que, \u201cap\u00f3s quatro altas [&hellip;]<\/p>\n","protected":false},"author":2,"featured_media":57583,"comment_status":"open","ping_status":"closed","sticky":false,"template":"","format":"standard","meta":{"_genesis_hide_title":false,"_genesis_hide_breadcrumbs":false,"_genesis_hide_singular_image":false,"_genesis_hide_footer_widgets":false,"_genesis_custom_body_class":"","_genesis_custom_post_class":"","_genesis_layout":"","_jetpack_memberships_contains_paid_content":false,"footnotes":""},"categories":[22,7],"tags":[],"class_list":{"0":"post-82097","1":"post","2":"type-post","3":"status-publish","4":"format-standard","5":"has-post-thumbnail","7":"category-brasil","8":"category-economia","9":"entry","10":"gs-1","11":"gs-odd","12":"gs-even","13":"gs-featured-content-entry"},"jetpack_featured_media_url":"https:\/\/www.redenoticia.com.br\/noticia\/imagens\/economia-grafico.jpg","jetpack_sharing_enabled":true,"jetpack_likes_enabled":true,"_links":{"self":[{"href":"https:\/\/www.redenoticia.com.br\/noticia\/wp-json\/wp\/v2\/posts\/82097","targetHints":{"allow":["GET"]}}],"collection":[{"href":"https:\/\/www.redenoticia.com.br\/noticia\/wp-json\/wp\/v2\/posts"}],"about":[{"href":"https:\/\/www.redenoticia.com.br\/noticia\/wp-json\/wp\/v2\/types\/post"}],"author":[{"embeddable":true,"href":"https:\/\/www.redenoticia.com.br\/noticia\/wp-json\/wp\/v2\/users\/2"}],"replies":[{"embeddable":true,"href":"https:\/\/www.redenoticia.com.br\/noticia\/wp-json\/wp\/v2\/comments?post=82097"}],"version-history":[{"count":0,"href":"https:\/\/www.redenoticia.com.br\/noticia\/wp-json\/wp\/v2\/posts\/82097\/revisions"}],"wp:featuredmedia":[{"embeddable":true,"href":"https:\/\/www.redenoticia.com.br\/noticia\/wp-json\/wp\/v2\/media\/57583"}],"wp:attachment":[{"href":"https:\/\/www.redenoticia.com.br\/noticia\/wp-json\/wp\/v2\/media?parent=82097"}],"wp:term":[{"taxonomy":"category","embeddable":true,"href":"https:\/\/www.redenoticia.com.br\/noticia\/wp-json\/wp\/v2\/categories?post=82097"},{"taxonomy":"post_tag","embeddable":true,"href":"https:\/\/www.redenoticia.com.br\/noticia\/wp-json\/wp\/v2\/tags?post=82097"}],"curies":[{"name":"wp","href":"https:\/\/api.w.org\/{rel}","templated":true}]}}