{"id":82073,"date":"2016-03-09T14:56:46","date_gmt":"2016-03-09T17:56:46","guid":{"rendered":"http:\/\/www.redenoticia.com.br\/noticia\/?p=82073"},"modified":"2016-03-09T15:06:50","modified_gmt":"2016-03-09T18:06:50","slug":"caixa-volta-a-financiar-o-segundo-imovel-e-aumenta-valor-de-emprestimos","status":"publish","type":"post","link":"https:\/\/www.redenoticia.com.br\/noticia\/2016\/caixa-volta-a-financiar-o-segundo-imovel-e-aumenta-valor-de-emprestimos\/82073","title":{"rendered":"Caixa volta a financiar o segundo im\u00f3vel e aumenta valor de empr\u00e9stimos"},"content":{"rendered":"<p> As pessoas que ainda est\u00e3o pagando pela compra de um <strong><em>im\u00f3vel financiado<\/em><\/strong> pela Caixa Econ\u00f4mica Federal (CEF) poder\u00e3o fazer um segundo contrato do g\u00eanero. A medida integra a\u00e7\u00f5es para reaquecer o mercado imobili\u00e1rio e foi anunciada pela presidente da CEF, Miriam Belchior, durante a divulga\u00e7\u00e3o do balan\u00e7o financeiro do banco. \u201cA meta \u00e9 aquecer a demanda para que se tenha um impacto de maior acesso \u00e0 moradia e \u00e0 retomada da constru\u00e7\u00e3o civil\u201d, disse.<\/p>\n<p>Segundo o vice-presidente de Habita\u00e7\u00e3o da CEF, Nelson Ant\u00f4nio de Souza, esse tipo de financiamento estava fechado desde de maio de 2015. Explicou que as regras para o financiamento ser\u00e3o as que est\u00e3o vigentes. E os recursos a serem disponibilizados pela CEF ser\u00e3o semelhantes aos do ano passado.<\/p>\n<p>Tamb\u00e9m foi elevada a cota de financiamento para os im\u00f3veis, que antes era de 50% e passou para 70% nos contratos pelo Sistema de Financiamento Habitacional (SFH) com valor at\u00e9 R$ 750 mil. Para viabilizar os empr\u00e9stimos, a CEF contar\u00e1 com recursos adicionais de R$ 16,1 bilh\u00f5es, elevando em 64 mil o n\u00famero de unidades habitacionais em rela\u00e7\u00e3o ao ano passado.<\/p>\n<p>Ser\u00e3o disponibilizados R$ 7 bilh\u00f5es do total de R$ 9,5 bilh\u00f5es pelo Conselho Curador do Fundo de Garantia do Tempo de Servi\u00e7o &#8211; FGTS &#8211; para a linha de cr\u00e9dito Pr\u00f3-Cotista. As taxas de juros v\u00e3o variar de 7,85 a 8,85% ao ano, no caso dos im\u00f3veis de at\u00e9 R$ 750 mil.<\/p>\n<p>Im\u00f3veis usados<\/p>\n<p>A CEF anunciou, ainda, a reabertura do cr\u00e9dito para im\u00f3veis usados em que os interessados poder\u00e3o contratar at\u00e9 80% do valor do im\u00f3vel.<\/p>\n<p>Com participa\u00e7\u00e3o de 67,2% do mercado, os contratos habitacionais em 2015 atingiram R$ 91,1 bilh\u00f5es. Desse total, R$ 55,5 bilh\u00f5es se referem aos recursos do FGTS e R$ 34,8 bilh\u00f5es s\u00e3o provenientes do Sistema Brasileiro de Poupan\u00e7a e Empr\u00e9stimo (SBPE).<\/p>\n<p>O vice-presidente da CEF, M\u00e1rcio Percival, informou que o cr\u00e9dito habitacional e os aportes para a infraestrutura s\u00e3o as principais linhas operacionais de empr\u00e9stimo. Dos R$ 679,5 bilh\u00f5es da carteira de cr\u00e9dito do ano passado, R$ 384,2 bilh\u00f5es foram para a habita\u00e7\u00e3o que teve um aumento de 13%. Ele informou que, pelo modelo conservador na concess\u00e3o do cr\u00e9dito, \u00e9 baixo o risco de calotes com uma inadimpl\u00eancia pequena, de 3,55%.<\/p>\n<p>Marli Moreira &#8211; Rep\u00f3rter da Ag\u00eancia Brasil<br \/>\nEdi\u00e7\u00e3o: Kleber Sampaio<br \/>\n09\/03\/2016 <\/p>\n","protected":false},"excerpt":{"rendered":"<p>As pessoas que ainda est\u00e3o pagando pela compra de um im\u00f3vel financiado pela Caixa Econ\u00f4mica Federal (CEF) poder\u00e3o fazer um segundo contrato do g\u00eanero. A medida integra a\u00e7\u00f5es para reaquecer o mercado imobili\u00e1rio e foi anunciada pela presidente da CEF, Miriam Belchior, durante a divulga\u00e7\u00e3o do balan\u00e7o financeiro do banco. \u201cA meta \u00e9 aquecer a [&hellip;]<\/p>\n","protected":false},"author":2,"featured_media":34681,"comment_status":"open","ping_status":"closed","sticky":false,"template":"","format":"standard","meta":{"_genesis_hide_title":false,"_genesis_hide_breadcrumbs":false,"_genesis_hide_singular_image":false,"_genesis_hide_footer_widgets":false,"_genesis_custom_body_class":"","_genesis_custom_post_class":"","_genesis_layout":"","_jetpack_memberships_contains_paid_content":false,"footnotes":""},"categories":[22,7],"tags":[],"class_list":{"0":"post-82073","1":"post","2":"type-post","3":"status-publish","4":"format-standard","5":"has-post-thumbnail","7":"category-brasil","8":"category-economia","9":"entry","10":"gs-1","11":"gs-odd","12":"gs-even","13":"gs-featured-content-entry"},"jetpack_featured_media_url":"https:\/\/www.redenoticia.com.br\/noticia\/imagens\/secovi-sp.jpg","jetpack_sharing_enabled":true,"jetpack_likes_enabled":true,"_links":{"self":[{"href":"https:\/\/www.redenoticia.com.br\/noticia\/wp-json\/wp\/v2\/posts\/82073","targetHints":{"allow":["GET"]}}],"collection":[{"href":"https:\/\/www.redenoticia.com.br\/noticia\/wp-json\/wp\/v2\/posts"}],"about":[{"href":"https:\/\/www.redenoticia.com.br\/noticia\/wp-json\/wp\/v2\/types\/post"}],"author":[{"embeddable":true,"href":"https:\/\/www.redenoticia.com.br\/noticia\/wp-json\/wp\/v2\/users\/2"}],"replies":[{"embeddable":true,"href":"https:\/\/www.redenoticia.com.br\/noticia\/wp-json\/wp\/v2\/comments?post=82073"}],"version-history":[{"count":0,"href":"https:\/\/www.redenoticia.com.br\/noticia\/wp-json\/wp\/v2\/posts\/82073\/revisions"}],"wp:featuredmedia":[{"embeddable":true,"href":"https:\/\/www.redenoticia.com.br\/noticia\/wp-json\/wp\/v2\/media\/34681"}],"wp:attachment":[{"href":"https:\/\/www.redenoticia.com.br\/noticia\/wp-json\/wp\/v2\/media?parent=82073"}],"wp:term":[{"taxonomy":"category","embeddable":true,"href":"https:\/\/www.redenoticia.com.br\/noticia\/wp-json\/wp\/v2\/categories?post=82073"},{"taxonomy":"post_tag","embeddable":true,"href":"https:\/\/www.redenoticia.com.br\/noticia\/wp-json\/wp\/v2\/tags?post=82073"}],"curies":[{"name":"wp","href":"https:\/\/api.w.org\/{rel}","templated":true}]}}