{"id":82067,"date":"2016-03-09T14:51:50","date_gmt":"2016-03-09T17:51:50","guid":{"rendered":"http:\/\/www.redenoticia.com.br\/noticia\/?p=82067"},"modified":"2016-03-09T15:05:39","modified_gmt":"2016-03-09T18:05:39","slug":"inflacao-medida-pelo-igp-di-recua-para-079-em-fevereiro","status":"publish","type":"post","link":"https:\/\/www.redenoticia.com.br\/noticia\/2016\/inflacao-medida-pelo-igp-di-recua-para-079-em-fevereiro\/82067","title":{"rendered":"Infla\u00e7\u00e3o medida pelo IGP-DI recua para 0,79% em fevereiro"},"content":{"rendered":"<p> A <strong><em>infla\u00e7\u00e3o<\/em><\/strong> medida pelo \u00cdndice Geral de Pre\u00e7os \u2013 Disponibilidade Interna (IGP-DI) ficou em 0,79%, em fevereiro. A taxa \u00e9 menor que a de janeiro deste ano (1,53%), mas superior a fevereiro de 2015 (0,53%). O IGP-DI acumula taxas de 2,33% no ano e 11,93% em 12 meses, segundo informou a Funda\u00e7\u00e3o Getulio Vargas (FGV).<\/p>\n<p>A queda da taxa na passagem de janeiro para fevereiro foi influenciada por recuos na infla\u00e7\u00e3o dos pre\u00e7os no atacado e no varejo. O \u00cdndice de Pre\u00e7os ao Produtor Amplo, que mede o atacado, passou de 1,63% para 0,84%.<\/p>\n<p>O \u00cdndice de Pre\u00e7os ao Consumidor, que analisa o varejo, passou de 1,78% em janeiro para 0,76% em fevereiro. E o \u00cdndice Nacional do Custo da Constru\u00e7\u00e3o, terceiro sub\u00edndice que comp\u00f5e o IGP-DI, foi de 0,39% para 0,54%. O IGP-DI de fevereiro foi calculado com base em pre\u00e7os coletados entre os dias 1o e 29 do m\u00eas.<\/p>\n<p>Vitor Abdala \u2013 Rep\u00f3rter da Ag\u00eancia Brasil<br \/>\nEdi\u00e7\u00e3o: Kleber Sampaio<br \/>\n09\/03\/2016<br \/>\n&#8212;<\/p>\n<p>A Empresa Brasil de Comunica\u00e7\u00e3o \u00e9 uma institui\u00e7\u00e3o da democracia brasileira: p\u00fablica, inclusiva e cidad\u00e3. Criada em 2007 para fortalecer o sistema p\u00fablico de comunica\u00e7\u00e3o, \u00e9 gestora dos canais TV Brasil, TV Brasil Internacional, Ag\u00eancia Brasil, Radioag\u00eancia Nacional e do sistema p\u00fablico de R\u00e1dio \u2013 composto por oito emissoras. Estes, por sua independ\u00eancia editorial, distinguem-se dos canais estatais ou governamentais, com conte\u00fados diferenciados e complementares aos canais privados. Os ve\u00edculos da EBC t\u00eam autonomia para definir produ\u00e7\u00e3o, programa\u00e7\u00e3o e distribui\u00e7\u00e3o de conte\u00fados.<\/p>\n","protected":false},"excerpt":{"rendered":"<p>A infla\u00e7\u00e3o medida pelo \u00cdndice Geral de Pre\u00e7os \u2013 Disponibilidade Interna (IGP-DI) ficou em 0,79%, em fevereiro. A taxa \u00e9 menor que a de janeiro deste ano (1,53%), mas superior a fevereiro de 2015 (0,53%). O IGP-DI acumula taxas de 2,33% no ano e 11,93% em 12 meses, segundo informou a Funda\u00e7\u00e3o Getulio Vargas (FGV). [&hellip;]<\/p>\n","protected":false},"author":2,"featured_media":57584,"comment_status":"open","ping_status":"closed","sticky":false,"template":"","format":"standard","meta":{"_genesis_hide_title":false,"_genesis_hide_breadcrumbs":false,"_genesis_hide_singular_image":false,"_genesis_hide_footer_widgets":false,"_genesis_custom_body_class":"","_genesis_custom_post_class":"","_genesis_layout":"","_jetpack_memberships_contains_paid_content":false,"footnotes":""},"categories":[22,7],"tags":[],"class_list":{"0":"post-82067","1":"post","2":"type-post","3":"status-publish","4":"format-standard","5":"has-post-thumbnail","7":"category-brasil","8":"category-economia","9":"entry","10":"gs-1","11":"gs-odd","12":"gs-even","13":"gs-featured-content-entry"},"jetpack_featured_media_url":"https:\/\/www.redenoticia.com.br\/noticia\/imagens\/economia-grafica-analise-inflacao.jpg","jetpack_sharing_enabled":true,"jetpack_likes_enabled":true,"_links":{"self":[{"href":"https:\/\/www.redenoticia.com.br\/noticia\/wp-json\/wp\/v2\/posts\/82067","targetHints":{"allow":["GET"]}}],"collection":[{"href":"https:\/\/www.redenoticia.com.br\/noticia\/wp-json\/wp\/v2\/posts"}],"about":[{"href":"https:\/\/www.redenoticia.com.br\/noticia\/wp-json\/wp\/v2\/types\/post"}],"author":[{"embeddable":true,"href":"https:\/\/www.redenoticia.com.br\/noticia\/wp-json\/wp\/v2\/users\/2"}],"replies":[{"embeddable":true,"href":"https:\/\/www.redenoticia.com.br\/noticia\/wp-json\/wp\/v2\/comments?post=82067"}],"version-history":[{"count":0,"href":"https:\/\/www.redenoticia.com.br\/noticia\/wp-json\/wp\/v2\/posts\/82067\/revisions"}],"wp:featuredmedia":[{"embeddable":true,"href":"https:\/\/www.redenoticia.com.br\/noticia\/wp-json\/wp\/v2\/media\/57584"}],"wp:attachment":[{"href":"https:\/\/www.redenoticia.com.br\/noticia\/wp-json\/wp\/v2\/media?parent=82067"}],"wp:term":[{"taxonomy":"category","embeddable":true,"href":"https:\/\/www.redenoticia.com.br\/noticia\/wp-json\/wp\/v2\/categories?post=82067"},{"taxonomy":"post_tag","embeddable":true,"href":"https:\/\/www.redenoticia.com.br\/noticia\/wp-json\/wp\/v2\/tags?post=82067"}],"curies":[{"name":"wp","href":"https:\/\/api.w.org\/{rel}","templated":true}]}}