{"id":81996,"date":"2016-03-08T10:33:34","date_gmt":"2016-03-08T13:33:34","guid":{"rendered":"http:\/\/www.redenoticia.com.br\/noticia\/?p=81996"},"modified":"2016-03-07T23:55:27","modified_gmt":"2016-03-08T02:55:27","slug":"falta-dagua-em-sao-paulo-foi-superada","status":"publish","type":"post","link":"https:\/\/www.redenoticia.com.br\/noticia\/2016\/falta-dagua-em-sao-paulo-foi-superada\/81996","title":{"rendered":"Falta d&#8217;\u00e1gua em S\u00e3o Paulo foi superada"},"content":{"rendered":"<p> O governador de S\u00e3o Paulo, Geraldo Alckmin, disse que a Grande S\u00e3o Paulo n\u00e3o enfrenta mais problemas de <strong><em>falta de \u00e1gua<\/em><\/strong>. \u201cEssa quest\u00e3o n\u00e3o tem mais risco, mesmo que haja seca. E teremos a partir do ano que vem uma superestrutura em S\u00e3o Paulo. A regi\u00e3o metropolitana estar\u00e1 bem preparada para as mudan\u00e7as clim\u00e1ticas, teremos mais resili\u00eancia\u201d, ressaltou, ap\u00f3s dar palestra na Associa\u00e7\u00e3o Comercial de S\u00e3o Paulo.<\/p>\n<p>Segundo o governador, os reservat\u00f3rios que abastecem a metr\u00f3pole est\u00e3o em n\u00edveis seguros. Ele destacou ainda que a partir do ano que vem devem ser conclu\u00eddas as obras para aumentar a oferta de \u00e1gua para a regi\u00e3o. \u201cN\u00f3s teremos a chegada do novo sistema, da PPP [Parceria P\u00fablico-Privada] do [rio] S\u00e3o Louren\u00e7o, que \u00e9 um sistema novo, \u00e1gua nova, 6,4 metros c\u00fabicos por segundo. E talvez, ainda no ano que vem, tenhamos a liga\u00e7\u00e3o do Para\u00edba do Sul com o Cantareira, outro refor\u00e7o super importante\u201d, disse.<\/p>\n<p>Alckmin afirmou que, com a melhora na situa\u00e7\u00e3o, foi poss\u00edvel encerrar a redu\u00e7\u00e3o de press\u00e3o do sistema como forma de economia. A medida significava, na pr\u00e1tica, a interrup\u00e7\u00e3o do fornecimento em parte da regi\u00e3o metropolitana de S\u00e3o Paulo.<\/p>\n<p>O governador destacou que, apesar dos problemas, a crise foi superada sem que se adotasse a medida dr\u00e1stica do rod\u00edzio, abastecimento em dias alternados. De acordo com ele, agora a redu\u00e7\u00e3o de press\u00e3o \u00e9 usada somente como medida para diminuir as perdas por vazamentos, durante a noite.<\/p>\n<p>Daniel Mello \u2013 Rep\u00f3rter da Ag\u00eancia Brasil<br \/>\nEdi\u00e7\u00e3o: Maria Claudia<br \/>\n08\/03\/2016<\/p>\n","protected":false},"excerpt":{"rendered":"<p>O governador de S\u00e3o Paulo, Geraldo Alckmin, disse que a Grande S\u00e3o Paulo n\u00e3o enfrenta mais problemas de falta de \u00e1gua. \u201cEssa quest\u00e3o n\u00e3o tem mais risco, mesmo que haja seca. E teremos a partir do ano que vem uma superestrutura em S\u00e3o Paulo. A regi\u00e3o metropolitana estar\u00e1 bem preparada para as mudan\u00e7as clim\u00e1ticas, teremos [&hellip;]<\/p>\n","protected":false},"author":2,"featured_media":34905,"comment_status":"open","ping_status":"closed","sticky":false,"template":"","format":"standard","meta":{"_genesis_hide_title":false,"_genesis_hide_breadcrumbs":false,"_genesis_hide_singular_image":false,"_genesis_hide_footer_widgets":false,"_genesis_custom_body_class":"","_genesis_custom_post_class":"","_genesis_layout":"","_jetpack_memberships_contains_paid_content":false,"footnotes":""},"categories":[22],"tags":[],"class_list":{"0":"post-81996","1":"post","2":"type-post","3":"status-publish","4":"format-standard","5":"has-post-thumbnail","7":"category-brasil","8":"entry","9":"gs-1","10":"gs-odd","11":"gs-even","12":"gs-featured-content-entry"},"jetpack_featured_media_url":"https:\/\/www.redenoticia.com.br\/noticia\/imagens\/codigo-florestal.jpg","jetpack_sharing_enabled":true,"jetpack_likes_enabled":true,"_links":{"self":[{"href":"https:\/\/www.redenoticia.com.br\/noticia\/wp-json\/wp\/v2\/posts\/81996","targetHints":{"allow":["GET"]}}],"collection":[{"href":"https:\/\/www.redenoticia.com.br\/noticia\/wp-json\/wp\/v2\/posts"}],"about":[{"href":"https:\/\/www.redenoticia.com.br\/noticia\/wp-json\/wp\/v2\/types\/post"}],"author":[{"embeddable":true,"href":"https:\/\/www.redenoticia.com.br\/noticia\/wp-json\/wp\/v2\/users\/2"}],"replies":[{"embeddable":true,"href":"https:\/\/www.redenoticia.com.br\/noticia\/wp-json\/wp\/v2\/comments?post=81996"}],"version-history":[{"count":0,"href":"https:\/\/www.redenoticia.com.br\/noticia\/wp-json\/wp\/v2\/posts\/81996\/revisions"}],"wp:featuredmedia":[{"embeddable":true,"href":"https:\/\/www.redenoticia.com.br\/noticia\/wp-json\/wp\/v2\/media\/34905"}],"wp:attachment":[{"href":"https:\/\/www.redenoticia.com.br\/noticia\/wp-json\/wp\/v2\/media?parent=81996"}],"wp:term":[{"taxonomy":"category","embeddable":true,"href":"https:\/\/www.redenoticia.com.br\/noticia\/wp-json\/wp\/v2\/categories?post=81996"},{"taxonomy":"post_tag","embeddable":true,"href":"https:\/\/www.redenoticia.com.br\/noticia\/wp-json\/wp\/v2\/tags?post=81996"}],"curies":[{"name":"wp","href":"https:\/\/api.w.org\/{rel}","templated":true}]}}