{"id":81823,"date":"2016-03-04T10:15:15","date_gmt":"2016-03-04T13:15:15","guid":{"rendered":"http:\/\/www.redenoticia.com.br\/noticia\/?p=81823"},"modified":"2016-03-03T16:16:27","modified_gmt":"2016-03-03T19:16:27","slug":"problema-no-programa-do-imposto-de-renda-faz-receita-trocar-versao","status":"publish","type":"post","link":"https:\/\/www.redenoticia.com.br\/noticia\/2016\/problema-no-programa-do-imposto-de-renda-faz-receita-trocar-versao\/81823","title":{"rendered":"Problema no programa do Imposto de Renda faz Receita trocar vers\u00e3o"},"content":{"rendered":"<p>Os contribuintes que baixaram o  gerador do <em><strong>Imposto de Renda<\/strong><\/em> Pessoa F\u00edsica 2016, mas n\u00e3o enviaram as informa\u00e7\u00f5es, ter\u00e3o que fazer o download de uma nova vers\u00e3o do aplicativo disponibilizada quinta (3). Foi detectado um problema na vers\u00e3o original que n\u00e3o permitia a verifica\u00e7\u00e3o do Cadastro de Pessoa F\u00edsica (CPF) de dependentes, segundo o supervisor nacional do Imposto de Renda, Joaquim Adir.<\/p>\n<p>Ele explicou que os contribuintes que j\u00e1 enviaram a declara\u00e7\u00e3o n\u00e3o precisam ficar preocupados porque a Receita Federal far\u00e1 uma revis\u00e3o das declara\u00e7\u00f5es j\u00e1 enviadas para procurar eventuais erros.<\/p>\n<p>Quem preencheu a declara\u00e7\u00e3o, total ou parcialmente, e ainda n\u00e3o transmitiu para a Receita, n\u00e3o vai perder dados. \u201cN\u00e3o precisa fazer nada porque o arquivo gerador da declara\u00e7\u00e3o poder\u00e1 ser recuperado do computador da pessoa\u201d, destacou.<\/p>\n<p>O contribuinte deve baixar a nova vers\u00e3o, finalizar o preenchimento e fazer a transmiss\u00e3o. Se tentar transmitir a declara\u00e7\u00e3o feita na vers\u00e3o antiga do programa, receber\u00e1 um aviso alertando sobre a necessidade de fazer o download e utilizar a nova vers\u00e3o.<\/p>\n<p>Daniel Lima &#8211; Rep\u00f3rter da Ag\u00eancia Brasil<br \/>\nEdi\u00e7\u00e3o: Kleber Sampaio<br \/>\n04\/03\/2016<\/p>\n","protected":false},"excerpt":{"rendered":"<p>Os contribuintes que baixaram o gerador do Imposto de Renda Pessoa F\u00edsica 2016, mas n\u00e3o enviaram as informa\u00e7\u00f5es, ter\u00e3o que fazer o download de uma nova vers\u00e3o do aplicativo disponibilizada quinta (3). Foi detectado um problema na vers\u00e3o original que n\u00e3o permitia a verifica\u00e7\u00e3o do Cadastro de Pessoa F\u00edsica (CPF) de dependentes, segundo o supervisor [&hellip;]<\/p>\n","protected":false},"author":2,"featured_media":23889,"comment_status":"open","ping_status":"closed","sticky":false,"template":"","format":"standard","meta":{"_genesis_hide_title":false,"_genesis_hide_breadcrumbs":false,"_genesis_hide_singular_image":false,"_genesis_hide_footer_widgets":false,"_genesis_custom_body_class":"","_genesis_custom_post_class":"","_genesis_layout":"","_jetpack_memberships_contains_paid_content":false,"footnotes":""},"categories":[22,7],"tags":[],"class_list":{"0":"post-81823","1":"post","2":"type-post","3":"status-publish","4":"format-standard","5":"has-post-thumbnail","7":"category-brasil","8":"category-economia","9":"entry","10":"gs-1","11":"gs-odd","12":"gs-even","13":"gs-featured-content-entry"},"jetpack_featured_media_url":"https:\/\/www.redenoticia.com.br\/noticia\/imagens\/receita-federal-irpf-2010.jpg","jetpack_sharing_enabled":true,"jetpack_likes_enabled":true,"_links":{"self":[{"href":"https:\/\/www.redenoticia.com.br\/noticia\/wp-json\/wp\/v2\/posts\/81823","targetHints":{"allow":["GET"]}}],"collection":[{"href":"https:\/\/www.redenoticia.com.br\/noticia\/wp-json\/wp\/v2\/posts"}],"about":[{"href":"https:\/\/www.redenoticia.com.br\/noticia\/wp-json\/wp\/v2\/types\/post"}],"author":[{"embeddable":true,"href":"https:\/\/www.redenoticia.com.br\/noticia\/wp-json\/wp\/v2\/users\/2"}],"replies":[{"embeddable":true,"href":"https:\/\/www.redenoticia.com.br\/noticia\/wp-json\/wp\/v2\/comments?post=81823"}],"version-history":[{"count":0,"href":"https:\/\/www.redenoticia.com.br\/noticia\/wp-json\/wp\/v2\/posts\/81823\/revisions"}],"wp:featuredmedia":[{"embeddable":true,"href":"https:\/\/www.redenoticia.com.br\/noticia\/wp-json\/wp\/v2\/media\/23889"}],"wp:attachment":[{"href":"https:\/\/www.redenoticia.com.br\/noticia\/wp-json\/wp\/v2\/media?parent=81823"}],"wp:term":[{"taxonomy":"category","embeddable":true,"href":"https:\/\/www.redenoticia.com.br\/noticia\/wp-json\/wp\/v2\/categories?post=81823"},{"taxonomy":"post_tag","embeddable":true,"href":"https:\/\/www.redenoticia.com.br\/noticia\/wp-json\/wp\/v2\/tags?post=81823"}],"curies":[{"name":"wp","href":"https:\/\/api.w.org\/{rel}","templated":true}]}}