{"id":81821,"date":"2016-03-04T10:13:57","date_gmt":"2016-03-04T13:13:57","guid":{"rendered":"http:\/\/www.redenoticia.com.br\/noticia\/?p=81821"},"modified":"2016-03-03T16:15:08","modified_gmt":"2016-03-03T19:15:08","slug":"preco-de-commodities-cai-148-em-fevereiro","status":"publish","type":"post","link":"https:\/\/www.redenoticia.com.br\/noticia\/2016\/preco-de-commodities-cai-148-em-fevereiro\/81821","title":{"rendered":"Pre\u00e7o de commodities cai 1,48% em fevereiro"},"content":{"rendered":"<p>Os pre\u00e7os das <strong><em>commodities<\/em><\/strong> (produtos prim\u00e1rios com cota\u00e7\u00e3o internacional) ca\u00edram 1,48% em fevereiro na compara\u00e7\u00e3o com janeiro. \u00c9 o que mostra o \u00cdndice de Commodities Brasil (IC-Br), calculado mensalmente pelo Banco Central (BC). Em 12 meses encerrados em fevereiro, o \u00edndice apresentou alta de 23,72%.<\/p>\n<p>O IC-Br \u00e9 calculado com base na varia\u00e7\u00e3o em reais dos pre\u00e7os das commodities brasileiras negociadas no exterior. Para calcular o \u00edndice, o BC observa os produtos que s\u00e3o relevantes para a din\u00e2mica dos pre\u00e7os ao consumidor no Brasil.<\/p>\n<p>No m\u00eas passado, os pre\u00e7os do segmento agropecu\u00e1rio ca\u00edram 2,97%. O setor engloba carne de boi, algod\u00e3o, \u00f3leo de soja, trigo, a\u00e7\u00facar, milho, caf\u00e9, arroz e carne de porco.<\/p>\n<p>As commodities do segmento de energia (petr\u00f3leo, g\u00e1s natural e carv\u00e3o) tiveram leve alta de 0,08%. O pre\u00e7o dos metais (alum\u00ednio, min\u00e9rio de ferro, cobre, estanho, zinco, chumbo e n\u00edquel) subiu 4,89%.<\/p>\n<p>O \u00cdndice Internacional de Pre\u00e7os de Commodities (CRB), calculado pelo Commodity Research Bureau, registrou alta de 0,03% em fevereiro e de 29,17% em 12 meses.<\/p>\n<p>Daniel Lima \u2013 Rep\u00f3rter da Ag\u00eancia Brasil<br \/>\nEdi\u00e7\u00e3o: N\u00e1dia Franco<br \/>\n04\/03\/2016<\/p>\n","protected":false},"excerpt":{"rendered":"<p>Os pre\u00e7os das commodities (produtos prim\u00e1rios com cota\u00e7\u00e3o internacional) ca\u00edram 1,48% em fevereiro na compara\u00e7\u00e3o com janeiro. \u00c9 o que mostra o \u00cdndice de Commodities Brasil (IC-Br), calculado mensalmente pelo Banco Central (BC). Em 12 meses encerrados em fevereiro, o \u00edndice apresentou alta de 23,72%. O IC-Br \u00e9 calculado com base na varia\u00e7\u00e3o em reais [&hellip;]<\/p>\n","protected":false},"author":2,"featured_media":40734,"comment_status":"open","ping_status":"closed","sticky":false,"template":"","format":"standard","meta":{"_genesis_hide_title":false,"_genesis_hide_breadcrumbs":false,"_genesis_hide_singular_image":false,"_genesis_hide_footer_widgets":false,"_genesis_custom_body_class":"","_genesis_custom_post_class":"","_genesis_layout":"","_jetpack_memberships_contains_paid_content":false,"footnotes":""},"categories":[22,7],"tags":[],"class_list":{"0":"post-81821","1":"post","2":"type-post","3":"status-publish","4":"format-standard","5":"has-post-thumbnail","7":"category-brasil","8":"category-economia","9":"entry","10":"gs-1","11":"gs-odd","12":"gs-even","13":"gs-featured-content-entry"},"jetpack_featured_media_url":"https:\/\/www.redenoticia.com.br\/noticia\/imagens\/economia-resultados.jpg","jetpack_sharing_enabled":true,"jetpack_likes_enabled":true,"_links":{"self":[{"href":"https:\/\/www.redenoticia.com.br\/noticia\/wp-json\/wp\/v2\/posts\/81821","targetHints":{"allow":["GET"]}}],"collection":[{"href":"https:\/\/www.redenoticia.com.br\/noticia\/wp-json\/wp\/v2\/posts"}],"about":[{"href":"https:\/\/www.redenoticia.com.br\/noticia\/wp-json\/wp\/v2\/types\/post"}],"author":[{"embeddable":true,"href":"https:\/\/www.redenoticia.com.br\/noticia\/wp-json\/wp\/v2\/users\/2"}],"replies":[{"embeddable":true,"href":"https:\/\/www.redenoticia.com.br\/noticia\/wp-json\/wp\/v2\/comments?post=81821"}],"version-history":[{"count":0,"href":"https:\/\/www.redenoticia.com.br\/noticia\/wp-json\/wp\/v2\/posts\/81821\/revisions"}],"wp:featuredmedia":[{"embeddable":true,"href":"https:\/\/www.redenoticia.com.br\/noticia\/wp-json\/wp\/v2\/media\/40734"}],"wp:attachment":[{"href":"https:\/\/www.redenoticia.com.br\/noticia\/wp-json\/wp\/v2\/media?parent=81821"}],"wp:term":[{"taxonomy":"category","embeddable":true,"href":"https:\/\/www.redenoticia.com.br\/noticia\/wp-json\/wp\/v2\/categories?post=81821"},{"taxonomy":"post_tag","embeddable":true,"href":"https:\/\/www.redenoticia.com.br\/noticia\/wp-json\/wp\/v2\/tags?post=81821"}],"curies":[{"name":"wp","href":"https:\/\/api.w.org\/{rel}","templated":true}]}}