{"id":81819,"date":"2016-03-04T10:12:08","date_gmt":"2016-03-04T13:12:08","guid":{"rendered":"http:\/\/www.redenoticia.com.br\/noticia\/?p=81819"},"modified":"2016-03-03T16:13:53","modified_gmt":"2016-03-03T19:13:53","slug":"cni-cobra-ajuste-fiscal-para-que-juros-possam-cair","status":"publish","type":"post","link":"https:\/\/www.redenoticia.com.br\/noticia\/2016\/cni-cobra-ajuste-fiscal-para-que-juros-possam-cair\/81819","title":{"rendered":"CNI cobra ajuste fiscal para que juros possam cair"},"content":{"rendered":"<p>Os <strong><em>juros b\u00e1sicos da economia<\/em><\/strong> s\u00f3 poder\u00e3o come\u00e7ar a cair se o governo cortar gastos, informou a Confedera\u00e7\u00e3o Nacional da Ind\u00fastria (CNI). Em comunicado, a entidade destacou que a manuten\u00e7\u00e3o da taxa Selic em 14,25% ao ano n\u00e3o surpreende, mas cobra rigor com o ajuste fiscal para que tanto a infla\u00e7\u00e3o como os juros possam diminuir.<\/p>\n<p>Para a CNI, o aprofundamento da recess\u00e3o possibilitaria a redu\u00e7\u00e3o da taxa b\u00e1sica de juros, porque, em tese, reduziria a demanda e as pessoas consumiriam menos, mas a infla\u00e7\u00e3o persistentemente alta e distante do centro da meta \u2013 de 4,5% para este ano \u2013 motivou a cautela do Banco Central em manter a Selic inalterada.<\/p>\n<p>Al\u00e9m do ajuste fiscal, a confedera\u00e7\u00e3o cobra reformas estruturais para melhorar a competitividade da economia e fazer o pa\u00eds voltar a crescer. \u201cA redu\u00e7\u00e3o dos juros depende de reformas estruturais e de um ajuste fiscal efetivo, que restabele\u00e7a a confian\u00e7a dos agentes econ\u00f4micos e afaste o risco de uma trajet\u00f3ria crescente e insustent\u00e1vel da d\u00edvida p\u00fablica brasileira, abrindo caminho para a reorganiza\u00e7\u00e3o da economia e \u00e0 retomada do crescimento\u201d, concluiu o comunicado.<\/p>\n<p>Wellton M\u00e1ximo \u2013 Rep\u00f3rter da Ag\u00eancia Brasil<br \/>\nEdi\u00e7\u00e3o: F\u00e1bio Massalli<br \/>\n04\/03\/2016<\/p>\n","protected":false},"excerpt":{"rendered":"<p>Os juros b\u00e1sicos da economia s\u00f3 poder\u00e3o come\u00e7ar a cair se o governo cortar gastos, informou a Confedera\u00e7\u00e3o Nacional da Ind\u00fastria (CNI). Em comunicado, a entidade destacou que a manuten\u00e7\u00e3o da taxa Selic em 14,25% ao ano n\u00e3o surpreende, mas cobra rigor com o ajuste fiscal para que tanto a infla\u00e7\u00e3o como os juros possam [&hellip;]<\/p>\n","protected":false},"author":2,"featured_media":57583,"comment_status":"open","ping_status":"closed","sticky":false,"template":"","format":"standard","meta":{"_genesis_hide_title":false,"_genesis_hide_breadcrumbs":false,"_genesis_hide_singular_image":false,"_genesis_hide_footer_widgets":false,"_genesis_custom_body_class":"","_genesis_custom_post_class":"","_genesis_layout":"","_jetpack_memberships_contains_paid_content":false,"footnotes":""},"categories":[22,7],"tags":[],"class_list":{"0":"post-81819","1":"post","2":"type-post","3":"status-publish","4":"format-standard","5":"has-post-thumbnail","7":"category-brasil","8":"category-economia","9":"entry","10":"gs-1","11":"gs-odd","12":"gs-even","13":"gs-featured-content-entry"},"jetpack_featured_media_url":"https:\/\/www.redenoticia.com.br\/noticia\/imagens\/economia-grafico.jpg","jetpack_sharing_enabled":true,"jetpack_likes_enabled":true,"_links":{"self":[{"href":"https:\/\/www.redenoticia.com.br\/noticia\/wp-json\/wp\/v2\/posts\/81819","targetHints":{"allow":["GET"]}}],"collection":[{"href":"https:\/\/www.redenoticia.com.br\/noticia\/wp-json\/wp\/v2\/posts"}],"about":[{"href":"https:\/\/www.redenoticia.com.br\/noticia\/wp-json\/wp\/v2\/types\/post"}],"author":[{"embeddable":true,"href":"https:\/\/www.redenoticia.com.br\/noticia\/wp-json\/wp\/v2\/users\/2"}],"replies":[{"embeddable":true,"href":"https:\/\/www.redenoticia.com.br\/noticia\/wp-json\/wp\/v2\/comments?post=81819"}],"version-history":[{"count":0,"href":"https:\/\/www.redenoticia.com.br\/noticia\/wp-json\/wp\/v2\/posts\/81819\/revisions"}],"wp:featuredmedia":[{"embeddable":true,"href":"https:\/\/www.redenoticia.com.br\/noticia\/wp-json\/wp\/v2\/media\/57583"}],"wp:attachment":[{"href":"https:\/\/www.redenoticia.com.br\/noticia\/wp-json\/wp\/v2\/media?parent=81819"}],"wp:term":[{"taxonomy":"category","embeddable":true,"href":"https:\/\/www.redenoticia.com.br\/noticia\/wp-json\/wp\/v2\/categories?post=81819"},{"taxonomy":"post_tag","embeddable":true,"href":"https:\/\/www.redenoticia.com.br\/noticia\/wp-json\/wp\/v2\/tags?post=81819"}],"curies":[{"name":"wp","href":"https:\/\/api.w.org\/{rel}","templated":true}]}}