{"id":81791,"date":"2016-03-03T10:16:44","date_gmt":"2016-03-03T13:16:44","guid":{"rendered":"http:\/\/www.redenoticia.com.br\/noticia\/?p=81791"},"modified":"2016-03-02T18:18:19","modified_gmt":"2016-03-02T21:18:19","slug":"fluxo-cambial-fica-negativo-em-us-604-bilhoes-em-fevereiro","status":"publish","type":"post","link":"https:\/\/www.redenoticia.com.br\/noticia\/2016\/fluxo-cambial-fica-negativo-em-us-604-bilhoes-em-fevereiro\/81791","title":{"rendered":"Fluxo cambial fica negativo em US$ 6,04 bilh\u00f5es em fevereiro"},"content":{"rendered":"<p> O saldo da entrada e sa\u00edda de d\u00f3lares do pa\u00eds (<strong><em>fluxo cambial<\/em><\/strong>) ficou negativo em US$ 6,045 bilh\u00f5es at\u00e9 o dia 26 de fevereiro. Os dados parciais foram divulgados pelo Banco Central. S\u00f3 na semana passada, a diferen\u00e7a entre a sa\u00edda e a entrada de d\u00f3lares do pa\u00eds ficou negativa em US$ 4,883 bilh\u00f5es.<\/p>\n<p>A maior parte do resultado negativo vem do segmento financeiro (investimentos em t\u00edtulos, remessas de lucros e dividendos ao exterior e investimentos estrangeiros diretos, entre outras opera\u00e7\u00f5es), com sa\u00eddas maiores que as entradas de US$ 7,614 bilh\u00f5es.<\/p>\n<p>O segmento comercial (opera\u00e7\u00f5es de c\u00e2mbio relacionadas a exporta\u00e7\u00f5es e importa\u00e7\u00f5es) registra saldo positivo de US$ 1,568 bilh\u00e3o.<\/p>\n<p>De janeiro at\u00e9 26 de fevereiro, o saldo negativo do fluxo cambial ficou em US$ 4,570 bilh\u00f5es. Nesse per\u00edodo, o fluxo financeiro registrou saldo negativo de US$ 9,493 bilh\u00f5es e o comercial, positivo de US$ 4,923 bilh\u00f5es.<\/p>\n<p>Daniel Lima &#8211; Rep\u00f3rter da Ag\u00eancia Brasil<br \/>\nEdi\u00e7\u00e3o: Gra\u00e7a Adjuto<br \/>\n03\/03\/2016<br \/>\n&#8212;<\/p>\n<p>A Empresa Brasil de Comunica\u00e7\u00e3o \u00e9 uma institui\u00e7\u00e3o da democracia brasileira: p\u00fablica, inclusiva e cidad\u00e3.  Criada em 2007 para fortalecer o sistema p\u00fablico de comunica\u00e7\u00e3o, \u00e9 gestora dos canais TV Brasil, TV Brasil Internacional, Ag\u00eancia Brasil, Radioag\u00eancia Nacional e do sistema p\u00fablico de R\u00e1dio \u2013 composto por oito emissoras. Estes, por sua independ\u00eancia editorial, distinguem-se dos canais estatais ou governamentais, com conte\u00fados diferenciados e complementares aos canais privados. Os ve\u00edculos da EBC t\u00eam autonomia para definir produ\u00e7\u00e3o, programa\u00e7\u00e3o e distribui\u00e7\u00e3o de conte\u00fados.<\/p>\n","protected":false},"excerpt":{"rendered":"<p>O saldo da entrada e sa\u00edda de d\u00f3lares do pa\u00eds (fluxo cambial) ficou negativo em US$ 6,045 bilh\u00f5es at\u00e9 o dia 26 de fevereiro. Os dados parciais foram divulgados pelo Banco Central. S\u00f3 na semana passada, a diferen\u00e7a entre a sa\u00edda e a entrada de d\u00f3lares do pa\u00eds ficou negativa em US$ 4,883 bilh\u00f5es. A [&hellip;]<\/p>\n","protected":false},"author":2,"featured_media":57583,"comment_status":"open","ping_status":"closed","sticky":false,"template":"","format":"standard","meta":{"_genesis_hide_title":false,"_genesis_hide_breadcrumbs":false,"_genesis_hide_singular_image":false,"_genesis_hide_footer_widgets":false,"_genesis_custom_body_class":"","_genesis_custom_post_class":"","_genesis_layout":"","_jetpack_memberships_contains_paid_content":false,"footnotes":""},"categories":[22,7],"tags":[],"class_list":{"0":"post-81791","1":"post","2":"type-post","3":"status-publish","4":"format-standard","5":"has-post-thumbnail","7":"category-brasil","8":"category-economia","9":"entry","10":"gs-1","11":"gs-odd","12":"gs-even","13":"gs-featured-content-entry"},"jetpack_featured_media_url":"https:\/\/www.redenoticia.com.br\/noticia\/imagens\/economia-grafico.jpg","jetpack_sharing_enabled":true,"jetpack_likes_enabled":true,"_links":{"self":[{"href":"https:\/\/www.redenoticia.com.br\/noticia\/wp-json\/wp\/v2\/posts\/81791","targetHints":{"allow":["GET"]}}],"collection":[{"href":"https:\/\/www.redenoticia.com.br\/noticia\/wp-json\/wp\/v2\/posts"}],"about":[{"href":"https:\/\/www.redenoticia.com.br\/noticia\/wp-json\/wp\/v2\/types\/post"}],"author":[{"embeddable":true,"href":"https:\/\/www.redenoticia.com.br\/noticia\/wp-json\/wp\/v2\/users\/2"}],"replies":[{"embeddable":true,"href":"https:\/\/www.redenoticia.com.br\/noticia\/wp-json\/wp\/v2\/comments?post=81791"}],"version-history":[{"count":0,"href":"https:\/\/www.redenoticia.com.br\/noticia\/wp-json\/wp\/v2\/posts\/81791\/revisions"}],"wp:featuredmedia":[{"embeddable":true,"href":"https:\/\/www.redenoticia.com.br\/noticia\/wp-json\/wp\/v2\/media\/57583"}],"wp:attachment":[{"href":"https:\/\/www.redenoticia.com.br\/noticia\/wp-json\/wp\/v2\/media?parent=81791"}],"wp:term":[{"taxonomy":"category","embeddable":true,"href":"https:\/\/www.redenoticia.com.br\/noticia\/wp-json\/wp\/v2\/categories?post=81791"},{"taxonomy":"post_tag","embeddable":true,"href":"https:\/\/www.redenoticia.com.br\/noticia\/wp-json\/wp\/v2\/tags?post=81791"}],"curies":[{"name":"wp","href":"https:\/\/api.w.org\/{rel}","templated":true}]}}