{"id":81789,"date":"2016-03-03T10:15:13","date_gmt":"2016-03-03T13:15:13","guid":{"rendered":"http:\/\/www.redenoticia.com.br\/noticia\/?p=81789"},"modified":"2016-03-02T18:16:38","modified_gmt":"2016-03-02T21:16:38","slug":"custo-da-construcao-tem-alta-de-482-em-12-meses","status":"publish","type":"post","link":"https:\/\/www.redenoticia.com.br\/noticia\/2016\/custo-da-construcao-tem-alta-de-482-em-12-meses\/81789","title":{"rendered":"Custo da constru\u00e7\u00e3o tem alta de 4,82% em 12 meses"},"content":{"rendered":"<p> O <strong><em>Custo Unit\u00e1rio B\u00e1sico<\/em><\/strong> (CUB) da constru\u00e7\u00e3o ficou praticamente est\u00e1vel em fevereiro, com alta de 0,05%, segundo levantamento divulgado pelo Sindicato da Ind\u00fastria da Constru\u00e7\u00e3o Civil do Estado de S\u00e3o Paulo (Sinduscon-SP). O CUB ficou em R$ 1.145,68 por metro quadrado. Em 12 meses, a alta \u00e9 de 4,82%.<\/p>\n<p> Calculado pelo Sinduscon em parceria com a Funda\u00e7\u00e3o Getulio Vargas (FGV) , o Custo Unit\u00e1rio B\u00e1sico mede a varia\u00e7\u00e3o dos gastoos mensais das construtoras para a utiliza\u00e7\u00e3o nos reajustes dos contratos de obras.<\/p>\n<p>Em fevereiro, os custos m\u00e9dios com materiais subiram 0,06%, os com m\u00e3o de obra 0,04% e os administrativos ficaram est\u00e1veis.<\/p>\n<p>Para o vice-presidente de economia do Sinduscon, Eduardo Zaidan, a pequena varia\u00e7\u00e3o \u00e9 consequ\u00eancia do desempenho fraco do setor. \u201cA estabilidade do CUB reflete a baixa atividade da constru\u00e7\u00e3o e, consequentemente, a reduzida demanda por insumos, de um lado, e a queda do n\u00edvel de emprego no setor, de outro\u201d, ressaltou.<\/p>\n<p>Para ele, n\u00e3o h\u00e1 perspectiva de melhora da situa\u00e7\u00e3o no curto prazo. N\u00e3o se vislumbra uma mudan\u00e7a neste cen\u00e1rio nos pr\u00f3ximos meses\u201d, enfatizou.<\/p>\n<p>Daniel Mello &#8211; Rep\u00f3rter da Ag\u00eancia Brasil<br \/>\nEdi\u00e7\u00e3o: Kleber Sampaio<br \/>\n03\/03\/2016<\/p>\n","protected":false},"excerpt":{"rendered":"<p>O Custo Unit\u00e1rio B\u00e1sico (CUB) da constru\u00e7\u00e3o ficou praticamente est\u00e1vel em fevereiro, com alta de 0,05%, segundo levantamento divulgado pelo Sindicato da Ind\u00fastria da Constru\u00e7\u00e3o Civil do Estado de S\u00e3o Paulo (Sinduscon-SP). O CUB ficou em R$ 1.145,68 por metro quadrado. Em 12 meses, a alta \u00e9 de 4,82%. Calculado pelo Sinduscon em parceria com [&hellip;]<\/p>\n","protected":false},"author":2,"featured_media":57582,"comment_status":"open","ping_status":"closed","sticky":false,"template":"","format":"standard","meta":{"_genesis_hide_title":false,"_genesis_hide_breadcrumbs":false,"_genesis_hide_singular_image":false,"_genesis_hide_footer_widgets":false,"_genesis_custom_body_class":"","_genesis_custom_post_class":"","_genesis_layout":"","_jetpack_memberships_contains_paid_content":false,"footnotes":""},"categories":[22,7],"tags":[],"class_list":{"0":"post-81789","1":"post","2":"type-post","3":"status-publish","4":"format-standard","5":"has-post-thumbnail","7":"category-brasil","8":"category-economia","9":"entry","10":"gs-1","11":"gs-odd","12":"gs-even","13":"gs-featured-content-entry"},"jetpack_featured_media_url":"https:\/\/www.redenoticia.com.br\/noticia\/imagens\/grafico1.jpg","jetpack_sharing_enabled":true,"jetpack_likes_enabled":true,"_links":{"self":[{"href":"https:\/\/www.redenoticia.com.br\/noticia\/wp-json\/wp\/v2\/posts\/81789","targetHints":{"allow":["GET"]}}],"collection":[{"href":"https:\/\/www.redenoticia.com.br\/noticia\/wp-json\/wp\/v2\/posts"}],"about":[{"href":"https:\/\/www.redenoticia.com.br\/noticia\/wp-json\/wp\/v2\/types\/post"}],"author":[{"embeddable":true,"href":"https:\/\/www.redenoticia.com.br\/noticia\/wp-json\/wp\/v2\/users\/2"}],"replies":[{"embeddable":true,"href":"https:\/\/www.redenoticia.com.br\/noticia\/wp-json\/wp\/v2\/comments?post=81789"}],"version-history":[{"count":0,"href":"https:\/\/www.redenoticia.com.br\/noticia\/wp-json\/wp\/v2\/posts\/81789\/revisions"}],"wp:featuredmedia":[{"embeddable":true,"href":"https:\/\/www.redenoticia.com.br\/noticia\/wp-json\/wp\/v2\/media\/57582"}],"wp:attachment":[{"href":"https:\/\/www.redenoticia.com.br\/noticia\/wp-json\/wp\/v2\/media?parent=81789"}],"wp:term":[{"taxonomy":"category","embeddable":true,"href":"https:\/\/www.redenoticia.com.br\/noticia\/wp-json\/wp\/v2\/categories?post=81789"},{"taxonomy":"post_tag","embeddable":true,"href":"https:\/\/www.redenoticia.com.br\/noticia\/wp-json\/wp\/v2\/tags?post=81789"}],"curies":[{"name":"wp","href":"https:\/\/api.w.org\/{rel}","templated":true}]}}