{"id":81787,"date":"2016-03-03T10:13:59","date_gmt":"2016-03-03T13:13:59","guid":{"rendered":"http:\/\/www.redenoticia.com.br\/noticia\/?p=81787"},"modified":"2016-03-02T18:15:07","modified_gmt":"2016-03-02T21:15:07","slug":"inflacao-na-saida-das-fabricas-chega-a-056-em-janeiro","status":"publish","type":"post","link":"https:\/\/www.redenoticia.com.br\/noticia\/2016\/inflacao-na-saida-das-fabricas-chega-a-056-em-janeiro\/81787","title":{"rendered":"Infla\u00e7\u00e3o na sa\u00edda das f\u00e1bricas chega a 0,56% em janeiro"},"content":{"rendered":"<p> O pre\u00e7o dos produtos na sa\u00edda das f\u00e1bricas brasileiras voltou a subir em janeiro deste ano, depois de dois meses em queda. O <strong><em>\u00cdndice de Pre\u00e7os ao Produtor<\/em><\/strong> (IPP), do Instituto Brasileiro de Geografia e Estat\u00edstica (IBGE), que mede essa varia\u00e7\u00e3o de pre\u00e7os, registrou infla\u00e7\u00e3o de 0,56% em janeiro deste ano.<\/p>\n<p>Em dezembro e janeiro de 2015, tinham sido registradas defla\u00e7\u00f5es (quedas de pre\u00e7os) de 0,35% e 0,4%, respectivamente. Em 12 meses, o IPP acumula infla\u00e7\u00e3o de 9,86%, segundo o IBGE.<\/p>\n<p> A alta de pre\u00e7os do IPP em janeiro deste ano foi puxada pela ind\u00fastria da transforma\u00e7\u00e3o, que teve infla\u00e7\u00e3o de 0,99% no per\u00edodo. As ind\u00fastrias extrativas tiveram defla\u00e7\u00e3o de 14,42%.<\/p>\n<p>Entre as grandes categorias econ\u00f4micas da ind\u00fastria, a maior infla\u00e7\u00e3o foi observada na de bens de capital (2,36%), seguidos pelos bens de consumo dur\u00e1veis (1,43%), bens de consumo semi e n\u00e3o dur\u00e1veis (0,68%) e bens intermedi\u00e1rios (0,11%).<\/p>\n<p>Dezessete atividades industriais tiveram alta de pre\u00e7os em janeiro, com destaque para fumo (4,77%), outros transportes (3,74%), metal (3,35%), vestu\u00e1rio (2,83%), papel e celulose (2,29%) e ve\u00edculos (2,14%). Os alimentos tiveram infla\u00e7\u00e3o de 1,63%.<\/p>\n<p>Seis atividades registraram queda de pre\u00e7os em seus produtos, com destaque para bebidas (-1,87%) e farmac\u00eautica (-1,84%).<\/p>\n<p>Vitor Abdala \u2013 Rep\u00f3rter da Ag\u00eancia Brasil<br \/>\nEdi\u00e7\u00e3o: Gra\u00e7a Adjuto<br \/>\n03\/03\/2016<\/p>\n","protected":false},"excerpt":{"rendered":"<p>O pre\u00e7o dos produtos na sa\u00edda das f\u00e1bricas brasileiras voltou a subir em janeiro deste ano, depois de dois meses em queda. O \u00cdndice de Pre\u00e7os ao Produtor (IPP), do Instituto Brasileiro de Geografia e Estat\u00edstica (IBGE), que mede essa varia\u00e7\u00e3o de pre\u00e7os, registrou infla\u00e7\u00e3o de 0,56% em janeiro deste ano. Em dezembro e janeiro [&hellip;]<\/p>\n","protected":false},"author":2,"featured_media":57584,"comment_status":"open","ping_status":"closed","sticky":false,"template":"","format":"standard","meta":{"_genesis_hide_title":false,"_genesis_hide_breadcrumbs":false,"_genesis_hide_singular_image":false,"_genesis_hide_footer_widgets":false,"_genesis_custom_body_class":"","_genesis_custom_post_class":"","_genesis_layout":"","_jetpack_memberships_contains_paid_content":false,"footnotes":""},"categories":[22,7],"tags":[],"class_list":{"0":"post-81787","1":"post","2":"type-post","3":"status-publish","4":"format-standard","5":"has-post-thumbnail","7":"category-brasil","8":"category-economia","9":"entry","10":"gs-1","11":"gs-odd","12":"gs-even","13":"gs-featured-content-entry"},"jetpack_featured_media_url":"https:\/\/www.redenoticia.com.br\/noticia\/imagens\/economia-grafica-analise-inflacao.jpg","jetpack_sharing_enabled":true,"jetpack_likes_enabled":true,"_links":{"self":[{"href":"https:\/\/www.redenoticia.com.br\/noticia\/wp-json\/wp\/v2\/posts\/81787","targetHints":{"allow":["GET"]}}],"collection":[{"href":"https:\/\/www.redenoticia.com.br\/noticia\/wp-json\/wp\/v2\/posts"}],"about":[{"href":"https:\/\/www.redenoticia.com.br\/noticia\/wp-json\/wp\/v2\/types\/post"}],"author":[{"embeddable":true,"href":"https:\/\/www.redenoticia.com.br\/noticia\/wp-json\/wp\/v2\/users\/2"}],"replies":[{"embeddable":true,"href":"https:\/\/www.redenoticia.com.br\/noticia\/wp-json\/wp\/v2\/comments?post=81787"}],"version-history":[{"count":0,"href":"https:\/\/www.redenoticia.com.br\/noticia\/wp-json\/wp\/v2\/posts\/81787\/revisions"}],"wp:featuredmedia":[{"embeddable":true,"href":"https:\/\/www.redenoticia.com.br\/noticia\/wp-json\/wp\/v2\/media\/57584"}],"wp:attachment":[{"href":"https:\/\/www.redenoticia.com.br\/noticia\/wp-json\/wp\/v2\/media?parent=81787"}],"wp:term":[{"taxonomy":"category","embeddable":true,"href":"https:\/\/www.redenoticia.com.br\/noticia\/wp-json\/wp\/v2\/categories?post=81787"},{"taxonomy":"post_tag","embeddable":true,"href":"https:\/\/www.redenoticia.com.br\/noticia\/wp-json\/wp\/v2\/tags?post=81787"}],"curies":[{"name":"wp","href":"https:\/\/api.w.org\/{rel}","templated":true}]}}