{"id":81785,"date":"2016-03-03T10:12:23","date_gmt":"2016-03-03T13:12:23","guid":{"rendered":"http:\/\/www.redenoticia.com.br\/noticia\/?p=81785"},"modified":"2016-03-02T18:13:51","modified_gmt":"2016-03-02T21:13:51","slug":"governo-reduz-de-25-para-6-valor-do-ir-sobre-remessas-ao-exterior","status":"publish","type":"post","link":"https:\/\/www.redenoticia.com.br\/noticia\/2016\/governo-reduz-de-25-para-6-valor-do-ir-sobre-remessas-ao-exterior\/81785","title":{"rendered":"Governo reduz de 25% para 6% valor do IR sobre remessas ao exterior"},"content":{"rendered":"<p> O Di\u00e1rio Oficial da Uni\u00e3o publicou a Medida Provis\u00f3ria 713 que reduz de 25% para 6% o valor do <strong><em>Imposto de Renda<\/em><\/strong> retido na fonte incidente sobre remessas ao exterior. A redu\u00e7\u00e3o atende a uma demanda de setores ligados ao turismo que temia a eleva\u00e7\u00e3o de custos.<\/p>\n<p>Em janeiro, a Receita Federal tinha publicado regulamenta\u00e7\u00e3o sobre as remessas, que passariam a sofrer a incid\u00eancia de 25%. Na ocasi\u00e3o, a Associa\u00e7\u00e3o Brasileira de Ag\u00eancias de Viagens (Abav) chegou a declarar, que mesmo ap\u00f3s a regulamenta\u00e7\u00e3o, esperava que o governo voltasse atr\u00e1s e reduzisse a al\u00edquota de 25%.<\/p>\n<p>De acordo com o texto da MP, at\u00e9 31 de dezembro de 2019, fica reduzida a 6% a al\u00edquota do Imposto de Renda Retido na Fonte incidente sobre os valores pagos, creditados, entregues, empregados ou remetidos para pessoa f\u00edsica ou jur\u00eddica residente ou domiciliada no exterior, destinados \u00e0 cobertura de gastos pessoais, no exterior, de pessoas f\u00edsicas residentes no pa\u00eds, em viagens de turismo, neg\u00f3cios, servi\u00e7o, treinamento ou miss\u00f5es oficiais, at\u00e9 o limite global de R$ 20 mil ao m\u00eas.<\/p>\n<p> Para fins de cumprimento das condi\u00e7\u00f5es de utiliza\u00e7\u00e3o da al\u00edquota reduzida, as operadoras e ag\u00eancias de viagem dever\u00e3o ser cadastradas no Minist\u00e9rio do Turismo e suas opera\u00e7\u00f5es dever\u00e3o ser feitas por interm\u00e9dio de institui\u00e7\u00e3o financeira domiciliada no pa\u00eds.<\/p>\n<p>Pela MP, as remessas destinadas ao exterior para fins educacionais, cient\u00edficos ou culturais, inclusive para pagamento de taxas escolares, de taxas de inscri\u00e7\u00e3o em congressos, conclaves, semin\u00e1rios ou assemelhados e de taxas de exames de profici\u00eancia n\u00e3o est\u00e3o sujeitas \u00e0 reten\u00e7\u00e3o na fonte.<\/p>\n<p>O mesmo ocorre para as remessas efetuadas por pessoas f\u00edsicas residentes no pa\u00eds para cobertura de despesas m\u00e9dico-hospitalares com tratamento de sa\u00fade, no exterior, do remetente ou de seus dependentes.<\/p>\n<p>O prazo de vig\u00eancia de uma MP \u00e9 de 60 dias, prorrog\u00e1veis uma vez por igual per\u00edodo e tem efeitos imediatos, mas depende de aprova\u00e7\u00e3o do Congresso Nacional para transforma\u00e7\u00e3o definitiva em lei.<\/p>\n<p>Da Ag\u00eancia Brasil<br \/>\nEdi\u00e7\u00e3o: Gra\u00e7a Adjuto<br \/>\n03\/03\/2016<\/p>\n","protected":false},"excerpt":{"rendered":"<p>O Di\u00e1rio Oficial da Uni\u00e3o publicou a Medida Provis\u00f3ria 713 que reduz de 25% para 6% o valor do Imposto de Renda retido na fonte incidente sobre remessas ao exterior. A redu\u00e7\u00e3o atende a uma demanda de setores ligados ao turismo que temia a eleva\u00e7\u00e3o de custos. Em janeiro, a Receita Federal tinha publicado regulamenta\u00e7\u00e3o [&hellip;]<\/p>\n","protected":false},"author":2,"featured_media":23889,"comment_status":"open","ping_status":"closed","sticky":false,"template":"","format":"standard","meta":{"_genesis_hide_title":false,"_genesis_hide_breadcrumbs":false,"_genesis_hide_singular_image":false,"_genesis_hide_footer_widgets":false,"_genesis_custom_body_class":"","_genesis_custom_post_class":"","_genesis_layout":"","_jetpack_memberships_contains_paid_content":false,"footnotes":""},"categories":[22,7],"tags":[],"class_list":{"0":"post-81785","1":"post","2":"type-post","3":"status-publish","4":"format-standard","5":"has-post-thumbnail","7":"category-brasil","8":"category-economia","9":"entry","10":"gs-1","11":"gs-odd","12":"gs-even","13":"gs-featured-content-entry"},"jetpack_featured_media_url":"https:\/\/www.redenoticia.com.br\/noticia\/imagens\/receita-federal-irpf-2010.jpg","jetpack_sharing_enabled":true,"jetpack_likes_enabled":true,"_links":{"self":[{"href":"https:\/\/www.redenoticia.com.br\/noticia\/wp-json\/wp\/v2\/posts\/81785","targetHints":{"allow":["GET"]}}],"collection":[{"href":"https:\/\/www.redenoticia.com.br\/noticia\/wp-json\/wp\/v2\/posts"}],"about":[{"href":"https:\/\/www.redenoticia.com.br\/noticia\/wp-json\/wp\/v2\/types\/post"}],"author":[{"embeddable":true,"href":"https:\/\/www.redenoticia.com.br\/noticia\/wp-json\/wp\/v2\/users\/2"}],"replies":[{"embeddable":true,"href":"https:\/\/www.redenoticia.com.br\/noticia\/wp-json\/wp\/v2\/comments?post=81785"}],"version-history":[{"count":0,"href":"https:\/\/www.redenoticia.com.br\/noticia\/wp-json\/wp\/v2\/posts\/81785\/revisions"}],"wp:featuredmedia":[{"embeddable":true,"href":"https:\/\/www.redenoticia.com.br\/noticia\/wp-json\/wp\/v2\/media\/23889"}],"wp:attachment":[{"href":"https:\/\/www.redenoticia.com.br\/noticia\/wp-json\/wp\/v2\/media?parent=81785"}],"wp:term":[{"taxonomy":"category","embeddable":true,"href":"https:\/\/www.redenoticia.com.br\/noticia\/wp-json\/wp\/v2\/categories?post=81785"},{"taxonomy":"post_tag","embeddable":true,"href":"https:\/\/www.redenoticia.com.br\/noticia\/wp-json\/wp\/v2\/tags?post=81785"}],"curies":[{"name":"wp","href":"https:\/\/api.w.org\/{rel}","templated":true}]}}