{"id":81782,"date":"2016-03-03T10:11:47","date_gmt":"2016-03-03T13:11:47","guid":{"rendered":"http:\/\/www.redenoticia.com.br\/noticia\/?p=81782"},"modified":"2016-03-02T18:12:10","modified_gmt":"2016-03-02T21:12:10","slug":"confira-o-atendimento-da-pro-sangue-nos-finais-de-semana-e-feriado-do-mes","status":"publish","type":"post","link":"https:\/\/www.redenoticia.com.br\/noticia\/2016\/confira-o-atendimento-da-pro-sangue-nos-finais-de-semana-e-feriado-do-mes\/81782","title":{"rendered":"Confira o atendimento da Pr\u00f3-Sangue nos finais de semana e feriado do m\u00eas"},"content":{"rendered":"<p> Se voc\u00ea se programou para fazer sua <strong><em>doa\u00e7\u00e3o de sangue<\/em><\/strong> em SP no m\u00eas de mar\u00e7o, importante saber que a rotina de funcionamento dos postos da Pr\u00f3-Sangue sofrer\u00e3o algumas altera\u00e7\u00f5es.<\/p>\n<p>Desde esta \u00faltima ter\u00e7a-feira (1), o Posto Cl\u00ednicas reduziu seu hor\u00e1rio de atendimento, ou seja, a unidade passa a fechar uma hora antes: de segunda \u00e0 sexta \u00e0s 18h, e no s\u00e1bado \u00e0s 17h. O hor\u00e1rio de domingo permanece o mesmo.<\/p>\n<p>A Funda\u00e7\u00e3o aconselha os candidatos a se atentarem ao hor\u00e1rio de funcionamento dos postos, pois cada um tem sua din\u00e2mica pr\u00f3pria.<\/p>\n<p>Confira o hor\u00e1rio de atendimento da Pr\u00f3-Sangue nos finais de semana e feriado do m\u00eas de mar\u00e7o:<\/p>\n<p>5 de mar\u00e7o, s\u00e1bado<br \/>\nPosto Cl\u00ednicas: das\u00a08 \u00e0s 17 horas<br \/>\nPosto Barueri: fechado<br \/>\nPosto Dante Pazzanese das 8 \u00e0s 16 horas<br \/>\nPosto Mandaqui: fechado<br \/>\nPosto Pedreira: fechado<br \/>\nPosto de Osasco: das 8 \u00e0s 16 horas<\/p>\n<p>6 de mar\u00e7o, domingo<br \/>\nPosto C\u00ednicas: das 8 \u00e0s 13 horas<br \/>\nPosto Barueri: fechado<br \/>\nPosto Dante Pazzanese: fechado<br \/>\nPosto Mandaqui: fechado<br \/>\nPosto Pedreira: fechado<br \/>\nPosto de Osasco: fechado<\/p>\n<p>12 de mar\u00e7o, s\u00e1bado<br \/>\nPosto Cl\u00ednicas:\u00a08 \u00e0s 17 horas<br \/>\nPosto Barueri: fechado<br \/>\nPosto Dante Pazzanese: das 8 \u00e0s 16 horas<br \/>\nPosto Mandaqui: fechado<br \/>\nPosto Pedreira: fechado<br \/>\nPosto de Osasco: das 8 \u00e0s 16 horas<\/p>\n<p>13 de mar\u00e7o, domingo<br \/>\nPosto Cl\u00ednicas: fechado<br \/>\nPosto Barueri: fechado<br \/>\nPosto Dante Pazzanese: fechado<br \/>\nPosto Mandaqui: fechado<br \/>\nPosto Pedreira: fechado<br \/>\nPosto de Osasco: fechado<\/p>\n<p>19 de mar\u00e7o, s\u00e1bado<br \/>\nPosto Cl\u00ednicas:\u00a08 \u00e0s 17 horas<br \/>\nPosto Barueri: fechado<br \/>\nPosto Dante Pazzanese: das 8 \u00e0s 16 horas<br \/>\nPosto Mandaqui: fechado<br \/>\nPosto Pedreira: fechado<br \/>\nPosto de Osasco: das 8 \u00e0s 16 horas<\/p>\n<p>20 de mar\u00e7o, domingo<br \/>\nPosto Cl\u00ednicas: das 8 \u00e0s 13 horas<br \/>\nPosto Bareuri: fechado<br \/>\nPosto Dante Pazzanese: fechado<br \/>\nPosto Mandaqui: fechado<br \/>\nPosto Pedreira: fechado<br \/>\nPosto de Osasco: fechado<\/p>\n<p>25 de mar\u00e7o, sexta (feriado &#8211; Sexta-feira da Paix\u00e3o)<br \/>\nPosto Cl\u00ednicas:\u00a08 \u00e0s 17 horas<br \/>\nPosto Barueri: fechado<br \/>\nPosto Dante Pazzanese: fechado<br \/>\nPosto Mandaqui: fechado<br \/>\nPosto Pedreira: fechado<br \/>\nPosto de Osasco: fechado<\/p>\n<p>26 de mar\u00e7o, s\u00e1bado<br \/>\nPosto Cl\u00ednicas:\u00a08 \u00e0s 17 horas<br \/>\nPosto Barueri: fechado<br \/>\nPosto Dante Pazzanese: das 8 \u00e0s 16 horas<br \/>\nPosto Mandaqui: fechado<br \/>\nPosto Pedreira: fechado<br \/>\nPosto de Osasco: das 8 \u00e0s 16 horas<\/p>\n<p>27 de mar\u00e7o, domingo (P\u00e1scoa)<br \/>\nPosto Cl\u00ednicas: fechado<br \/>\nPosto Barueri: fechado<br \/>\nPosto Dante Pazzanese: fechado<br \/>\nPosto Mandaqui: fechado<br \/>\nPosto Pedreira: fechado<br \/>\nPosto de Osasco: fechado<\/p>\n<p>Do Portal do Governo do Estado SP<\/p>\n","protected":false},"excerpt":{"rendered":"<p>Se voc\u00ea se programou para fazer sua doa\u00e7\u00e3o de sangue em SP no m\u00eas de mar\u00e7o, importante saber que a rotina de funcionamento dos postos da Pr\u00f3-Sangue sofrer\u00e3o algumas altera\u00e7\u00f5es. Desde esta \u00faltima ter\u00e7a-feira (1), o Posto Cl\u00ednicas reduziu seu hor\u00e1rio de atendimento, ou seja, a unidade passa a fechar uma hora antes: de segunda [&hellip;]<\/p>\n","protected":false},"author":2,"featured_media":37376,"comment_status":"open","ping_status":"closed","sticky":false,"template":"","format":"standard","meta":{"_genesis_hide_title":false,"_genesis_hide_breadcrumbs":false,"_genesis_hide_singular_image":false,"_genesis_hide_footer_widgets":false,"_genesis_custom_body_class":"","_genesis_custom_post_class":"","_genesis_layout":"","_jetpack_memberships_contains_paid_content":false,"footnotes":""},"categories":[22],"tags":[],"class_list":{"0":"post-81782","1":"post","2":"type-post","3":"status-publish","4":"format-standard","5":"has-post-thumbnail","7":"category-brasil","8":"entry","9":"gs-1","10":"gs-odd","11":"gs-even","12":"gs-featured-content-entry"},"jetpack_featured_media_url":"https:\/\/www.redenoticia.com.br\/noticia\/imagens\/saude-doutor.jpg","jetpack_sharing_enabled":true,"jetpack_likes_enabled":true,"_links":{"self":[{"href":"https:\/\/www.redenoticia.com.br\/noticia\/wp-json\/wp\/v2\/posts\/81782","targetHints":{"allow":["GET"]}}],"collection":[{"href":"https:\/\/www.redenoticia.com.br\/noticia\/wp-json\/wp\/v2\/posts"}],"about":[{"href":"https:\/\/www.redenoticia.com.br\/noticia\/wp-json\/wp\/v2\/types\/post"}],"author":[{"embeddable":true,"href":"https:\/\/www.redenoticia.com.br\/noticia\/wp-json\/wp\/v2\/users\/2"}],"replies":[{"embeddable":true,"href":"https:\/\/www.redenoticia.com.br\/noticia\/wp-json\/wp\/v2\/comments?post=81782"}],"version-history":[{"count":0,"href":"https:\/\/www.redenoticia.com.br\/noticia\/wp-json\/wp\/v2\/posts\/81782\/revisions"}],"wp:featuredmedia":[{"embeddable":true,"href":"https:\/\/www.redenoticia.com.br\/noticia\/wp-json\/wp\/v2\/media\/37376"}],"wp:attachment":[{"href":"https:\/\/www.redenoticia.com.br\/noticia\/wp-json\/wp\/v2\/media?parent=81782"}],"wp:term":[{"taxonomy":"category","embeddable":true,"href":"https:\/\/www.redenoticia.com.br\/noticia\/wp-json\/wp\/v2\/categories?post=81782"},{"taxonomy":"post_tag","embeddable":true,"href":"https:\/\/www.redenoticia.com.br\/noticia\/wp-json\/wp\/v2\/tags?post=81782"}],"curies":[{"name":"wp","href":"https:\/\/api.w.org\/{rel}","templated":true}]}}