{"id":81736,"date":"2016-03-02T10:33:20","date_gmt":"2016-03-02T13:33:20","guid":{"rendered":"http:\/\/www.redenoticia.com.br\/noticia\/?p=81736"},"modified":"2016-03-01T16:34:24","modified_gmt":"2016-03-01T19:34:24","slug":"emprego-na-industria-cai-pelo-decimo-segundo-mes-consecutivo","status":"publish","type":"post","link":"https:\/\/www.redenoticia.com.br\/noticia\/2016\/emprego-na-industria-cai-pelo-decimo-segundo-mes-consecutivo\/81736","title":{"rendered":"Emprego na ind\u00fastria cai pelo d\u00e9cimo segundo m\u00eas consecutivo"},"content":{"rendered":"<p> O <strong><em>emprego na ind\u00fastria<\/em><\/strong> caiu em janeiro pelo d\u00e9cimo segundo m\u00eas consecutivo e registra recuo de 0,8%. As informa\u00e7\u00f5es s\u00e3o da pesquisa Indicadores Industriais, divulgada pela Confedera\u00e7\u00e3o Nacional da Ind\u00fastria (CNI). O indicador est\u00e1 dessazonalizado (exclu\u00eddas as influ\u00eancias do per\u00edodo). O \u00edndice est\u00e1 9,6% abaixo do registrado em janeiro do ano passado.<\/p>\n<p>De acordo com a CNI, as horas trabalhadas cresceram 2,9% e o faturamento da ind\u00fastria teve alta de 1% em janeiro na compara\u00e7\u00e3o com dezembro, na s\u00e9rie livre de influ\u00eancias sazonais. \u201cEsses dois resultados positivos n\u00e3o combinam com o quadro geral, mas a gente tem que lembrar que em situa\u00e7\u00f5es de turbul\u00eancia, em um momento ou outro, tivemos um crescimento pontual, mas que n\u00e3o se caracterizou como mudan\u00e7a de ritmo\u201d, disse Fl\u00e1vio Castelo Branco, gerente executivo da CNI. Em rela\u00e7\u00e3o ao mesmo per\u00edodo do ano passado, as horas trabalhadas diminu\u00edram 11,6% e o faturamento foi 13,9% menor.<\/p>\n<p>A massa salarial, com queda de 2% em rela\u00e7\u00e3o a dezembro, recuou pelo s\u00e9timo m\u00eas consecutivo e est\u00e1 10,3% inferior \u00e0 de janeiro de 2015. O rendimento m\u00e9dio dos trabalhadores diminuiu 0,9% em janeiro frente a dezembro, informou a CNI.<\/p>\n<p>A ind\u00fastria operou, em m\u00e9dia, com 75,9% da capacidade instalada. O valor \u00e9 1,1 ponto percentual inferior ao de dezembro e 5,2 pontos percentuais abaixo do registrado em janeiro de 2015.<\/p>\n<p>\u201cEssa compara\u00e7\u00e3o com janeiro de 2015 mostra a profundidade da contra\u00e7\u00e3o que se abateu sobre o setor industrial\u201d, ressaltou Fl\u00e1vio Castelo Branco.<\/p>\n<p>Da Ag\u00eancia Brasil<br \/>\nEdi\u00e7\u00e3o: Gra\u00e7a Adjuto<br \/>\n02\/03\/2016 <\/p>\n","protected":false},"excerpt":{"rendered":"<p>O emprego na ind\u00fastria caiu em janeiro pelo d\u00e9cimo segundo m\u00eas consecutivo e registra recuo de 0,8%. As informa\u00e7\u00f5es s\u00e3o da pesquisa Indicadores Industriais, divulgada pela Confedera\u00e7\u00e3o Nacional da Ind\u00fastria (CNI). O indicador est\u00e1 dessazonalizado (exclu\u00eddas as influ\u00eancias do per\u00edodo). O \u00edndice est\u00e1 9,6% abaixo do registrado em janeiro do ano passado. De acordo com [&hellip;]<\/p>\n","protected":false},"author":2,"featured_media":57585,"comment_status":"open","ping_status":"closed","sticky":false,"template":"","format":"standard","meta":{"_genesis_hide_title":false,"_genesis_hide_breadcrumbs":false,"_genesis_hide_singular_image":false,"_genesis_hide_footer_widgets":false,"_genesis_custom_body_class":"","_genesis_custom_post_class":"","_genesis_layout":"","_jetpack_memberships_contains_paid_content":false,"footnotes":""},"categories":[22,7],"tags":[],"class_list":{"0":"post-81736","1":"post","2":"type-post","3":"status-publish","4":"format-standard","5":"has-post-thumbnail","7":"category-brasil","8":"category-economia","9":"entry","10":"gs-1","11":"gs-odd","12":"gs-even","13":"gs-featured-content-entry"},"jetpack_featured_media_url":"https:\/\/www.redenoticia.com.br\/noticia\/imagens\/analise-economia.jpg","jetpack_sharing_enabled":true,"jetpack_likes_enabled":true,"_links":{"self":[{"href":"https:\/\/www.redenoticia.com.br\/noticia\/wp-json\/wp\/v2\/posts\/81736","targetHints":{"allow":["GET"]}}],"collection":[{"href":"https:\/\/www.redenoticia.com.br\/noticia\/wp-json\/wp\/v2\/posts"}],"about":[{"href":"https:\/\/www.redenoticia.com.br\/noticia\/wp-json\/wp\/v2\/types\/post"}],"author":[{"embeddable":true,"href":"https:\/\/www.redenoticia.com.br\/noticia\/wp-json\/wp\/v2\/users\/2"}],"replies":[{"embeddable":true,"href":"https:\/\/www.redenoticia.com.br\/noticia\/wp-json\/wp\/v2\/comments?post=81736"}],"version-history":[{"count":0,"href":"https:\/\/www.redenoticia.com.br\/noticia\/wp-json\/wp\/v2\/posts\/81736\/revisions"}],"wp:featuredmedia":[{"embeddable":true,"href":"https:\/\/www.redenoticia.com.br\/noticia\/wp-json\/wp\/v2\/media\/57585"}],"wp:attachment":[{"href":"https:\/\/www.redenoticia.com.br\/noticia\/wp-json\/wp\/v2\/media?parent=81736"}],"wp:term":[{"taxonomy":"category","embeddable":true,"href":"https:\/\/www.redenoticia.com.br\/noticia\/wp-json\/wp\/v2\/categories?post=81736"},{"taxonomy":"post_tag","embeddable":true,"href":"https:\/\/www.redenoticia.com.br\/noticia\/wp-json\/wp\/v2\/tags?post=81736"}],"curies":[{"name":"wp","href":"https:\/\/api.w.org\/{rel}","templated":true}]}}