{"id":81734,"date":"2016-03-02T10:31:56","date_gmt":"2016-03-02T13:31:56","guid":{"rendered":"http:\/\/www.redenoticia.com.br\/noticia\/?p=81734"},"modified":"2016-03-01T16:33:11","modified_gmt":"2016-03-01T19:33:11","slug":"receita-recebe-declaracao-do-imposto-de-renda-ate-29-de-abril","status":"publish","type":"post","link":"https:\/\/www.redenoticia.com.br\/noticia\/2016\/receita-recebe-declaracao-do-imposto-de-renda-ate-29-de-abril\/81734","title":{"rendered":"Receita recebe declara\u00e7\u00e3o do Imposto de Renda at\u00e9 29 de abril"},"content":{"rendered":"<p> O prazo para entrega da Declara\u00e7\u00e3o do <strong><em>Imposto de Renda<\/em><\/strong> Pessoas F\u00edsica 2016 (IRPF) termina no dia 29 de abril. O programa gerador da declara\u00e7\u00e3o para ser usado no computador pode ser baixado no . A Receita liberou para download um \u201cpergunt\u00e3o\u201d elaborado para esclarecer d\u00favidas quanto \u00e0 apresenta\u00e7\u00e3o da declara\u00e7\u00e3o do imposto referente ao exerc\u00edcio de 2016, ano-calend\u00e1rio de 2015.<\/p>\n<p>Quem perder o prazo est\u00e1 sujeito \u00e0 multa de 1% do imposto devido por m\u00eas de atraso ou de R$ 165,74, prevalecendo o maior valor. A multa m\u00e1xima equivale a 20%.<\/p>\n<p>O aplicativo do Imposto de Renda para dispositivos m\u00f3veis (tablets e smartphones) na vers\u00e3o Android para a Google Play deve ser liberado hoje na loja virtual da empresa. De acordo com a Receita, a vers\u00e3o iOS j\u00e1 foi enviada para a Apple e aguarda autoriza\u00e7\u00e3o.<\/p>\n<p>A vers\u00e3o online da declara\u00e7\u00e3o, que estar\u00e1 dispon\u00edvel no Centro Virtual de Atendimento (eCAC) para usu\u00e1rios com certificado digital, \u00e9 prevista tamb\u00e9m para ser disponibilizada hoje.<\/p>\n<p>Cerca de 28,5 milh\u00f5es de contribuintes dever\u00e3o enviar \u00e0 Receita Federal a declara\u00e7\u00e3o do Imposto de Renda Pessoa F\u00edsica em 2016. A estimativa \u00e9 do supervisor nacional do Imposto de Renda, Joaquim Adir. O n\u00famero representa crescimento de 2,1% em rela\u00e7\u00e3o aos 27,9 milh\u00f5es de documentos entregues no ano passado.<\/p>\n<p>Daniel Lima &#8211; Rep\u00f3rter da Ag\u00eancia Brasil<br \/>\nEdi\u00e7\u00e3o: Gra\u00e7a Adjuto<br \/>\n02\/03\/2016<\/p>\n","protected":false},"excerpt":{"rendered":"<p>O prazo para entrega da Declara\u00e7\u00e3o do Imposto de Renda Pessoas F\u00edsica 2016 (IRPF) termina no dia 29 de abril. O programa gerador da declara\u00e7\u00e3o para ser usado no computador pode ser baixado no . A Receita liberou para download um \u201cpergunt\u00e3o\u201d elaborado para esclarecer d\u00favidas quanto \u00e0 apresenta\u00e7\u00e3o da declara\u00e7\u00e3o do imposto referente ao [&hellip;]<\/p>\n","protected":false},"author":2,"featured_media":23889,"comment_status":"open","ping_status":"closed","sticky":false,"template":"","format":"standard","meta":{"_genesis_hide_title":false,"_genesis_hide_breadcrumbs":false,"_genesis_hide_singular_image":false,"_genesis_hide_footer_widgets":false,"_genesis_custom_body_class":"","_genesis_custom_post_class":"","_genesis_layout":"","_jetpack_memberships_contains_paid_content":false,"footnotes":""},"categories":[22,7],"tags":[],"class_list":{"0":"post-81734","1":"post","2":"type-post","3":"status-publish","4":"format-standard","5":"has-post-thumbnail","7":"category-brasil","8":"category-economia","9":"entry","10":"gs-1","11":"gs-odd","12":"gs-even","13":"gs-featured-content-entry"},"jetpack_featured_media_url":"https:\/\/www.redenoticia.com.br\/noticia\/imagens\/receita-federal-irpf-2010.jpg","jetpack_sharing_enabled":true,"jetpack_likes_enabled":true,"_links":{"self":[{"href":"https:\/\/www.redenoticia.com.br\/noticia\/wp-json\/wp\/v2\/posts\/81734","targetHints":{"allow":["GET"]}}],"collection":[{"href":"https:\/\/www.redenoticia.com.br\/noticia\/wp-json\/wp\/v2\/posts"}],"about":[{"href":"https:\/\/www.redenoticia.com.br\/noticia\/wp-json\/wp\/v2\/types\/post"}],"author":[{"embeddable":true,"href":"https:\/\/www.redenoticia.com.br\/noticia\/wp-json\/wp\/v2\/users\/2"}],"replies":[{"embeddable":true,"href":"https:\/\/www.redenoticia.com.br\/noticia\/wp-json\/wp\/v2\/comments?post=81734"}],"version-history":[{"count":0,"href":"https:\/\/www.redenoticia.com.br\/noticia\/wp-json\/wp\/v2\/posts\/81734\/revisions"}],"wp:featuredmedia":[{"embeddable":true,"href":"https:\/\/www.redenoticia.com.br\/noticia\/wp-json\/wp\/v2\/media\/23889"}],"wp:attachment":[{"href":"https:\/\/www.redenoticia.com.br\/noticia\/wp-json\/wp\/v2\/media?parent=81734"}],"wp:term":[{"taxonomy":"category","embeddable":true,"href":"https:\/\/www.redenoticia.com.br\/noticia\/wp-json\/wp\/v2\/categories?post=81734"},{"taxonomy":"post_tag","embeddable":true,"href":"https:\/\/www.redenoticia.com.br\/noticia\/wp-json\/wp\/v2\/tags?post=81734"}],"curies":[{"name":"wp","href":"https:\/\/api.w.org\/{rel}","templated":true}]}}