{"id":81689,"date":"2016-03-01T10:19:45","date_gmt":"2016-03-01T13:19:45","guid":{"rendered":"http:\/\/www.redenoticia.com.br\/noticia\/?p=81689"},"modified":"2016-02-29T15:21:42","modified_gmt":"2016-02-29T18:21:42","slug":"vendas-dos-supermercados-caem-1964-em-janeiro","status":"publish","type":"post","link":"https:\/\/www.redenoticia.com.br\/noticia\/2016\/vendas-dos-supermercados-caem-1964-em-janeiro\/81689","title":{"rendered":"Vendas dos supermercados caem 19,64% em janeiro"},"content":{"rendered":"<p> As <strong><em>vendas do setor de supermercados<\/em><\/strong> em valores reais ca\u00edram 19,64% em janeiro, na compara\u00e7\u00e3o com fevereiro, de acordo com dados divulgados pela Associa\u00e7\u00e3o Brasileira de Supermercados (Abras), na capital paulista. No acumulado do ano, as vendas tiveram queda de 3,38% em rela\u00e7\u00e3o ao mesmo per\u00edodo do ano passado.<\/p>\n<p>Segundo os dados, em valores nominais as vendas ca\u00edram 18,62% em rela\u00e7\u00e3o ao m\u00eas anterior e, quando comparadas a janeiro de 2015, houve alta de 7,02%. No acumulado do ano, as vendas nominais cresceram 7,02%.<\/p>\n<p>De acordo com a Abras, o setor iniciou o ano em um ambiente econ\u00f4mico considerado ruim, que resultou em desemprego e infla\u00e7\u00e3o em alta, reduzindo a renda dispon\u00edvel do consumidor. \u201cA isso se combinou um quadro de incertezas econ\u00f4micas que causou impacto nas vendas do autosservi\u00e7o. Mas, enquanto o cen\u00e1rio n\u00e3o melhora, os empres\u00e1rios do setor continuam trabalhando para melhorar a efici\u00eancia, para manter seus funcion\u00e1rios e oferecer mix e pre\u00e7os competitivos ao consumidor\u201d, disse o presidente do Conselho Consultivo da Abras, Sussumu Honda.<\/p>\n<p>A cesta Abrasmercado, que abrange 35 produtos de largo consumo, registrou alta de 2,99% em compara\u00e7\u00e3o a dezembro de 2015 e alta de 17,44% em rela\u00e7\u00e3o a janeiro do ano passado. As maiores quedas foram do leite em p\u00f3 integral (-1,51%), frango congelado (-1,08%), carne dianteiro (-1,05%) e creme dental (-1,03%). No sentido oposto aparecem cebola (23,01%), tomate (21,62%), farinha de mandioca (17,76%) e a\u00e7\u00facar (10,23%).<\/p>\n<p>A Regi\u00e3o Norte registrou o maior aumento, ao passar de R$ 474,86 para R$ 494,04 (4,04%), assim como o Nordeste que tamb\u00e9m aumentou 4.-4%, ao passar de R$ 379,82 para R$ 395,17. Em seguida aparecem o Centro-Oeste, com eleva\u00e7\u00e3o de 3,18%, passando de R$ 424,46 para R$ 437,96, o Sul, que aumentou 2,10% (de R$ 481,20 para R$ R$ 491,29) e o Sudeste, que aumentou em 2,10% o valor da cesta (de R$ 426,55 para R$ 433,92).<\/p>\n<p>Fl\u00e1via Albuquerque &#8211; Rep\u00f3rter da Ag\u00eancia Brasil<br \/>\nEdi\u00e7\u00e3o: Gra\u00e7a Adjuto<br \/>\n01\/03\/2016<\/p>\n","protected":false},"excerpt":{"rendered":"<p>As vendas do setor de supermercados em valores reais ca\u00edram 19,64% em janeiro, na compara\u00e7\u00e3o com fevereiro, de acordo com dados divulgados pela Associa\u00e7\u00e3o Brasileira de Supermercados (Abras), na capital paulista. No acumulado do ano, as vendas tiveram queda de 3,38% em rela\u00e7\u00e3o ao mesmo per\u00edodo do ano passado. Segundo os dados, em valores nominais [&hellip;]<\/p>\n","protected":false},"author":2,"featured_media":57584,"comment_status":"open","ping_status":"closed","sticky":false,"template":"","format":"standard","meta":{"_genesis_hide_title":false,"_genesis_hide_breadcrumbs":false,"_genesis_hide_singular_image":false,"_genesis_hide_footer_widgets":false,"_genesis_custom_body_class":"","_genesis_custom_post_class":"","_genesis_layout":"","_jetpack_memberships_contains_paid_content":false,"footnotes":""},"categories":[22,7],"tags":[],"class_list":{"0":"post-81689","1":"post","2":"type-post","3":"status-publish","4":"format-standard","5":"has-post-thumbnail","7":"category-brasil","8":"category-economia","9":"entry","10":"gs-1","11":"gs-odd","12":"gs-even","13":"gs-featured-content-entry"},"jetpack_featured_media_url":"https:\/\/www.redenoticia.com.br\/noticia\/imagens\/economia-grafica-analise-inflacao.jpg","jetpack_sharing_enabled":true,"jetpack_likes_enabled":true,"_links":{"self":[{"href":"https:\/\/www.redenoticia.com.br\/noticia\/wp-json\/wp\/v2\/posts\/81689","targetHints":{"allow":["GET"]}}],"collection":[{"href":"https:\/\/www.redenoticia.com.br\/noticia\/wp-json\/wp\/v2\/posts"}],"about":[{"href":"https:\/\/www.redenoticia.com.br\/noticia\/wp-json\/wp\/v2\/types\/post"}],"author":[{"embeddable":true,"href":"https:\/\/www.redenoticia.com.br\/noticia\/wp-json\/wp\/v2\/users\/2"}],"replies":[{"embeddable":true,"href":"https:\/\/www.redenoticia.com.br\/noticia\/wp-json\/wp\/v2\/comments?post=81689"}],"version-history":[{"count":0,"href":"https:\/\/www.redenoticia.com.br\/noticia\/wp-json\/wp\/v2\/posts\/81689\/revisions"}],"wp:featuredmedia":[{"embeddable":true,"href":"https:\/\/www.redenoticia.com.br\/noticia\/wp-json\/wp\/v2\/media\/57584"}],"wp:attachment":[{"href":"https:\/\/www.redenoticia.com.br\/noticia\/wp-json\/wp\/v2\/media?parent=81689"}],"wp:term":[{"taxonomy":"category","embeddable":true,"href":"https:\/\/www.redenoticia.com.br\/noticia\/wp-json\/wp\/v2\/categories?post=81689"},{"taxonomy":"post_tag","embeddable":true,"href":"https:\/\/www.redenoticia.com.br\/noticia\/wp-json\/wp\/v2\/tags?post=81689"}],"curies":[{"name":"wp","href":"https:\/\/api.w.org\/{rel}","templated":true}]}}