{"id":81687,"date":"2016-03-01T10:17:38","date_gmt":"2016-03-01T13:17:38","guid":{"rendered":"http:\/\/www.redenoticia.com.br\/noticia\/?p=81687"},"modified":"2016-02-29T15:19:39","modified_gmt":"2016-02-29T18:19:39","slug":"indice-de-confianca-da-industria-cai-15-ponto-em-fevereiro","status":"publish","type":"post","link":"https:\/\/www.redenoticia.com.br\/noticia\/2016\/indice-de-confianca-da-industria-cai-15-ponto-em-fevereiro\/81687","title":{"rendered":"\u00cdndice de Confian\u00e7a da Ind\u00fastria cai 1,5 ponto em fevereiro"},"content":{"rendered":"<p> O <strong><em>\u00cdndice de Confian\u00e7a da Ind\u00fastria<\/em><\/strong> (ICI), do Instituto Brasileiro de Economia (Ibre), da Funda\u00e7\u00e3o Getulio Vargas (FGV) recuou 1,5 ponto em fevereiro, ao passar de 76,2 para 74,7 pontos, o menor n\u00edvel desde setembro de 2015.<\/p>\n<p>A queda ocorreu em 10 dos 19 principais segmentos da pesquisa e foi determinada principalmente pela redu\u00e7\u00e3o de 2,8 pontos do \u00cdndice de Expectativas (IE), para 72,6 pontos, o menor da s\u00e9rie hist\u00f3rica. O \u00cdndice da Situa\u00e7\u00e3o Atual (ISA) caiu 0,5 ponto, ficando em 77,1 pontos.<\/p>\n<p>Segundo o superintendente adjunto para Ciclos Econ\u00f4micos da FGV\/Ibre, Aloisio Campelo Jr., o resultado refor\u00e7a a suspeita de que a alta da confian\u00e7a industrial nos \u00faltimos meses poderia n\u00e3o se sustentar ao longo do primeiro semestre.<\/p>\n<p>Explica\u00e7\u00f5es<\/p>\n<p>\u201cA queda do ICI devolve mais da metade da alta acumulada entre o m\u00ednimo hist\u00f3rico, ocorrido em agosto, e o m\u00eas passado. Al\u00e9m de sinaliza\u00e7\u00f5es de que a demanda interna continua enfraquecendo, a pesquisa mostra uma piora expressiva das expectativas em rela\u00e7\u00e3o aos pr\u00f3ximos meses\u201d, disse.<\/p>\n<p>O indicador de \u00edmpeto de contrata\u00e7\u00f5es nos tr\u00eas meses seguintes, que recuou 5,2 pontos entre janeiro e fevereiro indo para 73,6 pontos, sinalizando que o quadro de funcion\u00e1rios na ind\u00fastria continuar\u00e1 sendo ajustado nos pr\u00f3ximos meses.<\/p>\n<p>Segundo o levantamento, a maior contribui\u00e7\u00e3o para a redu\u00e7\u00e3o do ISA em fevereiro foi a queda de 2,3 pontos para 74,8 pontos do indicador que mede o grau de satisfa\u00e7\u00e3o com o n\u00edvel de demanda atual. O N\u00edvel de Utiliza\u00e7\u00e3o da Capacidade Instalada (Nuci) caiu 0,5 ponto percentual em fevereiro, atingindo 73,6%, o menor n\u00edvel da s\u00e9rie hist\u00f3rica iniciada em 2001.<\/p>\n<p>Fl\u00e1via Albuquerque &#8211; Rep\u00f3rter da Ag\u00eancia Brasil<br \/>\nEdi\u00e7\u00e3o: Kleber Sampaio<br \/>\n01\/03\/2016<\/p>\n","protected":false},"excerpt":{"rendered":"<p>O \u00cdndice de Confian\u00e7a da Ind\u00fastria (ICI), do Instituto Brasileiro de Economia (Ibre), da Funda\u00e7\u00e3o Getulio Vargas (FGV) recuou 1,5 ponto em fevereiro, ao passar de 76,2 para 74,7 pontos, o menor n\u00edvel desde setembro de 2015. A queda ocorreu em 10 dos 19 principais segmentos da pesquisa e foi determinada principalmente pela redu\u00e7\u00e3o de [&hellip;]<\/p>\n","protected":false},"author":2,"featured_media":57585,"comment_status":"open","ping_status":"closed","sticky":false,"template":"","format":"standard","meta":{"_genesis_hide_title":false,"_genesis_hide_breadcrumbs":false,"_genesis_hide_singular_image":false,"_genesis_hide_footer_widgets":false,"_genesis_custom_body_class":"","_genesis_custom_post_class":"","_genesis_layout":"","_jetpack_memberships_contains_paid_content":false,"footnotes":""},"categories":[22,7],"tags":[],"class_list":{"0":"post-81687","1":"post","2":"type-post","3":"status-publish","4":"format-standard","5":"has-post-thumbnail","7":"category-brasil","8":"category-economia","9":"entry","10":"gs-1","11":"gs-odd","12":"gs-even","13":"gs-featured-content-entry"},"jetpack_featured_media_url":"https:\/\/www.redenoticia.com.br\/noticia\/imagens\/analise-economia.jpg","jetpack_sharing_enabled":true,"jetpack_likes_enabled":true,"_links":{"self":[{"href":"https:\/\/www.redenoticia.com.br\/noticia\/wp-json\/wp\/v2\/posts\/81687","targetHints":{"allow":["GET"]}}],"collection":[{"href":"https:\/\/www.redenoticia.com.br\/noticia\/wp-json\/wp\/v2\/posts"}],"about":[{"href":"https:\/\/www.redenoticia.com.br\/noticia\/wp-json\/wp\/v2\/types\/post"}],"author":[{"embeddable":true,"href":"https:\/\/www.redenoticia.com.br\/noticia\/wp-json\/wp\/v2\/users\/2"}],"replies":[{"embeddable":true,"href":"https:\/\/www.redenoticia.com.br\/noticia\/wp-json\/wp\/v2\/comments?post=81687"}],"version-history":[{"count":0,"href":"https:\/\/www.redenoticia.com.br\/noticia\/wp-json\/wp\/v2\/posts\/81687\/revisions"}],"wp:featuredmedia":[{"embeddable":true,"href":"https:\/\/www.redenoticia.com.br\/noticia\/wp-json\/wp\/v2\/media\/57585"}],"wp:attachment":[{"href":"https:\/\/www.redenoticia.com.br\/noticia\/wp-json\/wp\/v2\/media?parent=81687"}],"wp:term":[{"taxonomy":"category","embeddable":true,"href":"https:\/\/www.redenoticia.com.br\/noticia\/wp-json\/wp\/v2\/categories?post=81687"},{"taxonomy":"post_tag","embeddable":true,"href":"https:\/\/www.redenoticia.com.br\/noticia\/wp-json\/wp\/v2\/tags?post=81687"}],"curies":[{"name":"wp","href":"https:\/\/api.w.org\/{rel}","templated":true}]}}