{"id":81685,"date":"2016-03-01T10:15:33","date_gmt":"2016-03-01T13:15:33","guid":{"rendered":"http:\/\/www.redenoticia.com.br\/noticia\/?p=81685"},"modified":"2016-02-29T15:17:33","modified_gmt":"2016-02-29T18:17:33","slug":"instituicoes-financeiras-projetam-queda-da-economia-para-345","status":"publish","type":"post","link":"https:\/\/www.redenoticia.com.br\/noticia\/2016\/instituicoes-financeiras-projetam-queda-da-economia-para-345\/81685","title":{"rendered":"Institui\u00e7\u00f5es financeiras projetam queda da economia para 3,45%"},"content":{"rendered":"<p> A proje\u00e7\u00e3o de institui\u00e7\u00f5es financeiras para a <strong><em>queda da economia<\/em><\/strong> este ano piorou mais uma vez e passou de 3,40% para 3,45%. As estimativas fazem parte do boletim Focus, publica\u00e7\u00e3o divulgada semanalmente pelo Banco Central (BC) com base em proje\u00e7\u00f5es de institui\u00e7\u00f5es financeiras para os principais indicadores econ\u00f4micos. Para 2017, a estimativa de crescimento do Produto Interno Bruto (PIB), a soma de todas as riquezas produzidas pelo pa\u00eds, foi mantida em 0,50%.<\/p>\n<p>Para a infla\u00e7\u00e3o, as institui\u00e7\u00f5es financeiras projetam queda na maioria dos \u00edndices de pre\u00e7os e, no caso do \u00cdndice Nacional de Pre\u00e7os ao Consumidor Amplo (IPCA), utilizado pelo governo para estabelecer as metas de infla\u00e7\u00e3o, a expectativa caiu de 7,62% para 7,57% neste ano.<\/p>\n<p>Selic<\/p>\n<p>Em um cen\u00e1rio de retra\u00e7\u00e3o da economia, as institui\u00e7\u00f5es financeiras n\u00e3o esperam por altera\u00e7\u00e3o na taxa b\u00e1sica de juros, a Selic, este ano. A expectativa \u00e9 que a taxa encerre o per\u00edodo no atual patamar de 14,25% ao ano. A pr\u00f3xima reuni\u00e3o do Comit\u00ea de Pol\u00edtica Monet\u00e1ria (Copom), do Banco Central, est\u00e1 marcada para os dias 1o e 2 de mar\u00e7o. Para 2017, a mediana das expectativas (desconsiderando os extremos nas proje\u00e7\u00f5es) \u00e9 que a Selic encerre o per\u00edodo em 12,50% ao ano.<\/p>\n<p>A taxa \u00e9 usada nas negocia\u00e7\u00f5es de t\u00edtulos p\u00fablicos no Sistema Especial de Liquida\u00e7\u00e3o e Cust\u00f3dia (Selic) e serve como refer\u00eancia para as demais taxas de juros da economia. Ao reajust\u00e1-la para cima, o BC cont\u00e9m o excesso de demanda que pressiona os pre\u00e7os, porque os juros mais altos encarecem o cr\u00e9dito e estimulam a poupan\u00e7a. Quando reduz os juros b\u00e1sicos, o Copom barateia o cr\u00e9dito e incentiva a produ\u00e7\u00e3o e o consumo, mas alivia o controle sobre a infla\u00e7\u00e3o.<\/p>\n<p>Daniel Lima &#8211; Rep\u00f3rter da Ag\u00eancia Brasil<br \/>\nEdi\u00e7\u00e3o: Kleber Sampaio<br \/>\n01\/03\/2016<\/p>\n","protected":false},"excerpt":{"rendered":"<p>A proje\u00e7\u00e3o de institui\u00e7\u00f5es financeiras para a queda da economia este ano piorou mais uma vez e passou de 3,40% para 3,45%. As estimativas fazem parte do boletim Focus, publica\u00e7\u00e3o divulgada semanalmente pelo Banco Central (BC) com base em proje\u00e7\u00f5es de institui\u00e7\u00f5es financeiras para os principais indicadores econ\u00f4micos. Para 2017, a estimativa de crescimento do [&hellip;]<\/p>\n","protected":false},"author":2,"featured_media":57583,"comment_status":"open","ping_status":"closed","sticky":false,"template":"","format":"standard","meta":{"_genesis_hide_title":false,"_genesis_hide_breadcrumbs":false,"_genesis_hide_singular_image":false,"_genesis_hide_footer_widgets":false,"_genesis_custom_body_class":"","_genesis_custom_post_class":"","_genesis_layout":"","_jetpack_memberships_contains_paid_content":false,"footnotes":""},"categories":[22,7],"tags":[],"class_list":{"0":"post-81685","1":"post","2":"type-post","3":"status-publish","4":"format-standard","5":"has-post-thumbnail","7":"category-brasil","8":"category-economia","9":"entry","10":"gs-1","11":"gs-odd","12":"gs-even","13":"gs-featured-content-entry"},"jetpack_featured_media_url":"https:\/\/www.redenoticia.com.br\/noticia\/imagens\/economia-grafico.jpg","jetpack_sharing_enabled":true,"jetpack_likes_enabled":true,"_links":{"self":[{"href":"https:\/\/www.redenoticia.com.br\/noticia\/wp-json\/wp\/v2\/posts\/81685","targetHints":{"allow":["GET"]}}],"collection":[{"href":"https:\/\/www.redenoticia.com.br\/noticia\/wp-json\/wp\/v2\/posts"}],"about":[{"href":"https:\/\/www.redenoticia.com.br\/noticia\/wp-json\/wp\/v2\/types\/post"}],"author":[{"embeddable":true,"href":"https:\/\/www.redenoticia.com.br\/noticia\/wp-json\/wp\/v2\/users\/2"}],"replies":[{"embeddable":true,"href":"https:\/\/www.redenoticia.com.br\/noticia\/wp-json\/wp\/v2\/comments?post=81685"}],"version-history":[{"count":0,"href":"https:\/\/www.redenoticia.com.br\/noticia\/wp-json\/wp\/v2\/posts\/81685\/revisions"}],"wp:featuredmedia":[{"embeddable":true,"href":"https:\/\/www.redenoticia.com.br\/noticia\/wp-json\/wp\/v2\/media\/57583"}],"wp:attachment":[{"href":"https:\/\/www.redenoticia.com.br\/noticia\/wp-json\/wp\/v2\/media?parent=81685"}],"wp:term":[{"taxonomy":"category","embeddable":true,"href":"https:\/\/www.redenoticia.com.br\/noticia\/wp-json\/wp\/v2\/categories?post=81685"},{"taxonomy":"post_tag","embeddable":true,"href":"https:\/\/www.redenoticia.com.br\/noticia\/wp-json\/wp\/v2\/tags?post=81685"}],"curies":[{"name":"wp","href":"https:\/\/api.w.org\/{rel}","templated":true}]}}