{"id":81683,"date":"2016-03-01T10:10:41","date_gmt":"2016-03-01T13:10:41","guid":{"rendered":"http:\/\/www.redenoticia.com.br\/noticia\/?p=81683"},"modified":"2016-02-29T15:15:22","modified_gmt":"2016-02-29T18:15:22","slug":"receita-comeca-a-receber-declaracoes-do-ir-2016","status":"publish","type":"post","link":"https:\/\/www.redenoticia.com.br\/noticia\/2016\/receita-comeca-a-receber-declaracoes-do-ir-2016\/81683","title":{"rendered":"Receita come\u00e7a a receber declara\u00e7\u00f5es do IR 2016"},"content":{"rendered":"<p>O prazo para entrega da <strong><em>Declara\u00e7\u00e3o do Imposto de Renda<\/em><\/strong> Pessoas F\u00edsica 2016 (IRPF) come\u00e7a nesta ter\u00e7a-feira (1\u00ba). A data limite para entrega das declara\u00e7\u00f5es \u00e9 29 de abril. Entre os que devem declarar, est\u00e3o os contribuintes, pessoas f\u00edsicas, que receberam em 2015 acima de R$ 28.123,91 em rendimentos tribut\u00e1veis. Tamb\u00e9m deve declarar o IRPF quem recebeu rendimentos isentos, n\u00e3o tribut\u00e1veis ou tributados, exclusivamente na fonte acima de R$ 40 mil em 2015; quem obteve, em qualquer m\u00eas do ano passado, ganho de capital na venda de bens ou fez opera\u00e7\u00f5es no mercado de a\u00e7\u00f5es; quem tem patrim\u00f4nio individual acima de R$ 300 mil; e propriet\u00e1rios rurais que obtiveram receita bruta acima de R$ 140.619,55.<\/p>\n<p>Quem perder o prazo est\u00e1 sujeito \u00e0 multa de 1% do imposto devido por m\u00eas de atraso ou de R$ 165,74, prevalecendo o maior valor. A multa m\u00e1xima equivale a 20%.<\/p>\n<p>Nesta ter\u00e7a-feira, a Receita envia o aplicativo do imposto de renda para dispositivos m\u00f3veis (tablets e smartphones) na vers\u00e3o Android para a Google Play, loja virtual da empresa. De acordo com a Receita, a vers\u00e3o iOS j\u00e1 foi enviada para Apple e aguarda autoriza\u00e7\u00e3o da empresa.<\/p>\n<p>A previs\u00e3o \u00e9 que ela esteja dispon\u00edvel nos primeiros dias de mar\u00e7o. A vers\u00e3o online da declara\u00e7\u00e3o, que estar\u00e1 dispon\u00edvel no Centro Virtual de Atendimento (eCAC) para usu\u00e1rios com certificado digital, \u00e9 prevista tamb\u00e9m a ser disponibilizada no come\u00e7o do m\u00eas.<\/p>\n<p>Cerca de 28,5 milh\u00f5es de contribuintes dever\u00e3o enviar \u00e0  a declara\u00e7\u00e3o do Imposto de Renda Pessoa F\u00edsica em 2016. A estimativa \u00e9 do supervisor nacional do Imposto de Renda, Joaquim Adir. O n\u00famero representa crescimento de 2,1% em rela\u00e7\u00e3o aos 27,9 milh\u00f5es de documentos entregues no ano passado.<\/p>\n<p>Daniel Lima &#8211; Rep\u00f3rter da Ag\u00eancia Brasil<br \/>\nEdi\u00e7\u00e3o: Armando Cardoso<br \/>\n01\/03\/2016<\/p>\n","protected":false},"excerpt":{"rendered":"<p>O prazo para entrega da Declara\u00e7\u00e3o do Imposto de Renda Pessoas F\u00edsica 2016 (IRPF) come\u00e7a nesta ter\u00e7a-feira (1\u00ba). A data limite para entrega das declara\u00e7\u00f5es \u00e9 29 de abril. Entre os que devem declarar, est\u00e3o os contribuintes, pessoas f\u00edsicas, que receberam em 2015 acima de R$ 28.123,91 em rendimentos tribut\u00e1veis. Tamb\u00e9m deve declarar o IRPF [&hellip;]<\/p>\n","protected":false},"author":2,"featured_media":23889,"comment_status":"open","ping_status":"closed","sticky":false,"template":"","format":"standard","meta":{"_genesis_hide_title":false,"_genesis_hide_breadcrumbs":false,"_genesis_hide_singular_image":false,"_genesis_hide_footer_widgets":false,"_genesis_custom_body_class":"","_genesis_custom_post_class":"","_genesis_layout":"","_jetpack_memberships_contains_paid_content":false,"footnotes":""},"categories":[22,7],"tags":[],"class_list":{"0":"post-81683","1":"post","2":"type-post","3":"status-publish","4":"format-standard","5":"has-post-thumbnail","7":"category-brasil","8":"category-economia","9":"entry","10":"gs-1","11":"gs-odd","12":"gs-even","13":"gs-featured-content-entry"},"jetpack_featured_media_url":"https:\/\/www.redenoticia.com.br\/noticia\/imagens\/receita-federal-irpf-2010.jpg","jetpack_sharing_enabled":true,"jetpack_likes_enabled":true,"_links":{"self":[{"href":"https:\/\/www.redenoticia.com.br\/noticia\/wp-json\/wp\/v2\/posts\/81683","targetHints":{"allow":["GET"]}}],"collection":[{"href":"https:\/\/www.redenoticia.com.br\/noticia\/wp-json\/wp\/v2\/posts"}],"about":[{"href":"https:\/\/www.redenoticia.com.br\/noticia\/wp-json\/wp\/v2\/types\/post"}],"author":[{"embeddable":true,"href":"https:\/\/www.redenoticia.com.br\/noticia\/wp-json\/wp\/v2\/users\/2"}],"replies":[{"embeddable":true,"href":"https:\/\/www.redenoticia.com.br\/noticia\/wp-json\/wp\/v2\/comments?post=81683"}],"version-history":[{"count":0,"href":"https:\/\/www.redenoticia.com.br\/noticia\/wp-json\/wp\/v2\/posts\/81683\/revisions"}],"wp:featuredmedia":[{"embeddable":true,"href":"https:\/\/www.redenoticia.com.br\/noticia\/wp-json\/wp\/v2\/media\/23889"}],"wp:attachment":[{"href":"https:\/\/www.redenoticia.com.br\/noticia\/wp-json\/wp\/v2\/media?parent=81683"}],"wp:term":[{"taxonomy":"category","embeddable":true,"href":"https:\/\/www.redenoticia.com.br\/noticia\/wp-json\/wp\/v2\/categories?post=81683"},{"taxonomy":"post_tag","embeddable":true,"href":"https:\/\/www.redenoticia.com.br\/noticia\/wp-json\/wp\/v2\/tags?post=81683"}],"curies":[{"name":"wp","href":"https:\/\/api.w.org\/{rel}","templated":true}]}}