{"id":81530,"date":"2016-02-26T10:25:33","date_gmt":"2016-02-26T13:25:33","guid":{"rendered":"http:\/\/www.redenoticia.com.br\/noticia\/?p=81530"},"modified":"2016-02-25T19:26:44","modified_gmt":"2016-02-25T22:26:44","slug":"arrecadacao-de-impostos-cai-671-em-janeiro","status":"publish","type":"post","link":"https:\/\/www.redenoticia.com.br\/noticia\/2016\/arrecadacao-de-impostos-cai-671-em-janeiro\/81530","title":{"rendered":"Arrecada\u00e7\u00e3o de impostos cai 6,71% em janeiro"},"content":{"rendered":"<p> O governo federal arrecadou R$ 129,38 bilh\u00f5es em <strong><em>impostos e contribui\u00e7\u00f5es<\/em><\/strong> em janeiro de 2016. O resultado representa queda real de 6,71 % em rela\u00e7\u00e3o ao mesmo per\u00edodo de 2015, com a corre\u00e7\u00e3o pelo \u00cdndice Nacional de Pre\u00e7os ao Consumidor Amplo (IPCA), utilizado pelo governo para estabelecer as metas de infla\u00e7\u00e3o. O resultado \u00e9 o pior para meses de janeiro desde 2011. Os dados foram divulgados pela Receita Federal.<\/p>\n<p>Entre os principais fatores que influenciaram a arrecada\u00e7\u00e3o, est\u00e1 a retra\u00e7\u00e3o dos principais indicadores macroecon\u00f4micos, diz a Receita. Na produ\u00e7\u00e3o industrial, a queda chegou a 11,9%, na venda de bens e servi\u00e7os, a 10,96%, no valor em d\u00f3lar das importa\u00e7\u00f5es, a 37,82%, e na massa salarial nominal, a 0,8%.<\/p>\n<p>Outro fator que influenciou a queda na arrecada\u00e7\u00e3o foi a redu\u00e7\u00e3o do Imposto de Renda Pessoa Jur\u00eddica (IRPJ) e da Contribui\u00e7\u00e3o Social sobre o Lucro L\u00edquido (CSLL), um indicativo importante do setor produtivo. O recuo nesses dois tributos chegou a 3,17%.<\/p>\n<p>N\u00fameros<\/p>\n<p>O Imposto sobre Produtos Industrializados (IPI) registrou queda de 31,43%, com destaque para o IPI-Fumo (-55,97%), IPI-Bebidas (-46,40%), IPI-Autom\u00f3veis (-12,5%) e IPI-Vinculado \u00e0 Importa\u00e7\u00e3o (-25,15%).<\/p>\n<p>O Imposto de Renda Pessoa F\u00edsica totalizou R$ 1,9 bilh\u00e3o, um acr\u00e9scimo de 40,07%, decorrente do aumento de ganhos de capital na aliena\u00e7\u00e3o de bens. No caso do Imposto sobre Opera\u00e7\u00f5es Financeiras (IOF), houve crescimento de 14,59%, impactado pelo aumento do tributo sobre opera\u00e7\u00f5es das pessoas f\u00edsicas.<\/p>\n<p>A Contribui\u00e7\u00e3o para o Financiamento da Seguridade Social (Cofins) acusou queda de 3,79%, e o PIS\/Pasep recuo de 4,57%. Segundo a Receita Federal, o resultado foi influenciado pela redu\u00e7\u00e3o no volume de vendas e da eleva\u00e7\u00e3o de al\u00edquotas incidentes sobre a gasolina, diesel e na importa\u00e7\u00e3o de bens e servi\u00e7os.<\/p>\n<p>A arrecada\u00e7\u00e3o da Receita Previdenci\u00e1ria teve redu\u00e7\u00e3o de 7,13%, em decorr\u00eancia da eleva\u00e7\u00e3o das al\u00edquotas da contribui\u00e7\u00e3o previdenci\u00e1ria sobre a Receita Bruta e da redu\u00e7\u00e3o da massa salarial de 10,37%.<\/p>\n<p>Segundo Claudemir Malaquias, chefe do Centro de Estudos Tribut\u00e1rios e Aduaneiros da Receita Federal, a retra\u00e7\u00e3o da economia, com a forte queda no n\u00edvel de emprego no ano passado, come\u00e7ou a refletir na arrecada\u00e7\u00e3o de 2016. \u201cCom menos sal\u00e1rios sendo pagos, h\u00e1 a influ\u00eancia no indicador da massa salarial, no consumo e na arrecada\u00e7\u00e3o da Previd\u00eancia, por exemplo\u201d. Ele destacou, ainda, o fim das desonera\u00e7\u00f5es na folha de pagamento, que teve efeito na arrecada\u00e7\u00e3o previdenci\u00e1ria de janeiro.<\/p>\n<p>Daniel Lima &#8211; Rep\u00f3rter da Ag\u00eancia Brasil<br \/>\nEdi\u00e7\u00e3o: Kleber Sampaio<br \/>\n26\/02\/2016<\/p>\n","protected":false},"excerpt":{"rendered":"<p>O governo federal arrecadou R$ 129,38 bilh\u00f5es em impostos e contribui\u00e7\u00f5es em janeiro de 2016. O resultado representa queda real de 6,71 % em rela\u00e7\u00e3o ao mesmo per\u00edodo de 2015, com a corre\u00e7\u00e3o pelo \u00cdndice Nacional de Pre\u00e7os ao Consumidor Amplo (IPCA), utilizado pelo governo para estabelecer as metas de infla\u00e7\u00e3o. O resultado \u00e9 o [&hellip;]<\/p>\n","protected":false},"author":2,"featured_media":38938,"comment_status":"open","ping_status":"closed","sticky":false,"template":"","format":"standard","meta":{"_genesis_hide_title":false,"_genesis_hide_breadcrumbs":false,"_genesis_hide_singular_image":false,"_genesis_hide_footer_widgets":false,"_genesis_custom_body_class":"","_genesis_custom_post_class":"","_genesis_layout":"","_jetpack_memberships_contains_paid_content":false,"footnotes":""},"categories":[22,7],"tags":[],"class_list":{"0":"post-81530","1":"post","2":"type-post","3":"status-publish","4":"format-standard","5":"has-post-thumbnail","7":"category-brasil","8":"category-economia","9":"entry","10":"gs-1","11":"gs-odd","12":"gs-even","13":"gs-featured-content-entry"},"jetpack_featured_media_url":"https:\/\/www.redenoticia.com.br\/noticia\/imagens\/economia1.jpg","jetpack_sharing_enabled":true,"jetpack_likes_enabled":true,"_links":{"self":[{"href":"https:\/\/www.redenoticia.com.br\/noticia\/wp-json\/wp\/v2\/posts\/81530","targetHints":{"allow":["GET"]}}],"collection":[{"href":"https:\/\/www.redenoticia.com.br\/noticia\/wp-json\/wp\/v2\/posts"}],"about":[{"href":"https:\/\/www.redenoticia.com.br\/noticia\/wp-json\/wp\/v2\/types\/post"}],"author":[{"embeddable":true,"href":"https:\/\/www.redenoticia.com.br\/noticia\/wp-json\/wp\/v2\/users\/2"}],"replies":[{"embeddable":true,"href":"https:\/\/www.redenoticia.com.br\/noticia\/wp-json\/wp\/v2\/comments?post=81530"}],"version-history":[{"count":0,"href":"https:\/\/www.redenoticia.com.br\/noticia\/wp-json\/wp\/v2\/posts\/81530\/revisions"}],"wp:featuredmedia":[{"embeddable":true,"href":"https:\/\/www.redenoticia.com.br\/noticia\/wp-json\/wp\/v2\/media\/38938"}],"wp:attachment":[{"href":"https:\/\/www.redenoticia.com.br\/noticia\/wp-json\/wp\/v2\/media?parent=81530"}],"wp:term":[{"taxonomy":"category","embeddable":true,"href":"https:\/\/www.redenoticia.com.br\/noticia\/wp-json\/wp\/v2\/categories?post=81530"},{"taxonomy":"post_tag","embeddable":true,"href":"https:\/\/www.redenoticia.com.br\/noticia\/wp-json\/wp\/v2\/tags?post=81530"}],"curies":[{"name":"wp","href":"https:\/\/api.w.org\/{rel}","templated":true}]}}