{"id":81497,"date":"2016-02-25T10:52:00","date_gmt":"2016-02-25T13:52:00","guid":{"rendered":"http:\/\/www.redenoticia.com.br\/noticia\/?p=81497"},"modified":"2016-02-24T16:52:44","modified_gmt":"2016-02-24T19:52:44","slug":"juros-de-cartao-de-credito-sobem-para-4395-ao-ano","status":"publish","type":"post","link":"https:\/\/www.redenoticia.com.br\/noticia\/2016\/juros-de-cartao-de-credito-sobem-para-4395-ao-ano\/81497","title":{"rendered":"Juros de cart\u00e3o de cr\u00e9dito sobem para 439,5% ao ano"},"content":{"rendered":"<p> As taxas de juros continuam subindo no in\u00edcio deste ano. Segundo dados do Banco Central (BC), a taxa de juros do rotativo do <strong><em>cart\u00e3o de cr\u00e9dito<\/em><\/strong> subiu 8,1 pontos percentuais de dezembro para janeiro, quando atingiu 439,5% ao ano. \u00c9 a maior taxa j\u00e1 registrada na s\u00e9rie hist\u00f3rica do BC, iniciada em mar\u00e7o de 2011.<\/p>\n<p>O rotativo \u00e9 o cr\u00e9dito tomado pelo consumidor quando paga menos que o valor integral da fatura do cart\u00e3o. Essa \u00e9 a modalidade com taxa de juros mais alta na pesquisa do BC. A taxa m\u00e9dia das compras parceladas com juros, do parcelamento da fatura do cart\u00e3o de cr\u00e9dito e dos saques parcelados, subiu 8,3 pontos percentuais, de dezembro para janeiro, quando ficou em 144,5% ao ano.<\/p>\n<p>A taxa do cheque especial chegou a 292,3% ao ano, com alta de 5,3 pontos percentuais. A taxa do cr\u00e9dito consignado (com desconto em folha de pagamento) aumentou 0,3 ponto percentual para 26,8% ao ano. A taxa do cr\u00e9dito pessoal subiu 0,7 ponto percentual para 118,4% ao ano.<\/p>\n<p>A taxa m\u00e9dia de juros cobrada das fam\u00edlias cresceu 2,4 pontos percentuais, de dezembro para janeiro, quando ficou em 66,1% ao ano. A inadimpl\u00eancia do cr\u00e9dito, considerados atrasos acima de 90 dias, para pessoas f\u00edsicas, aumentou 0,1 ponto percentual para 6,2%.<\/p>\n<p>Inadimpl\u00eancia<\/p>\n<p>No caso das empresas, a taxa de inadimpl\u00eancia ficou em 4,7%, alta de 0,2 ponto percentual. A taxa m\u00e9dia de juros cobrada das pessoas jur\u00eddicas subiu 1,8 ponto percentual para 31,5% ao ano.<\/p>\n<p>Esses dados s\u00e3o do cr\u00e9dito livre em que os bancos t\u00eam autonomia para aplicar o dinheiro captado no mercado e definir as taxas de juros.<\/p>\n<p>No caso do cr\u00e9dito direcionado (empr\u00e9stimos com regras definidas pelo governo, destinados, basicamente, aos setores habitacional, rural e de infraestrutura) a taxa de juros para as pessoas f\u00edsicas ficou em 9,9%, alta de 0,2 ponto percentual. A taxa cobrada das empresas subiu 2,3 pontos percentuais para 12,3% ao ano. A inadimpl\u00eancia das fam\u00edlias ficou em 2,1% e das empresas em 0,9%.<\/p>\n<p>O saldo de todas as opera\u00e7\u00f5es de cr\u00e9dito concedido pelos bancos caiu 0,6% em janeiro, quando ficou em R$ 3,199 trilh\u00f5es. Esse valor correspondeu a 53,7% de tudo o que o pa\u00eds produz \u2013 Produto Interno Bruto (PIB).<\/p>\n<p> Kelly Oliveira \u2013 Rep\u00f3rter da Ag\u00eancia Brasil<br \/>\nEdi\u00e7\u00e3o: Kleber Sampaio<br \/>\n25\/02\/2016<\/p>\n","protected":false},"excerpt":{"rendered":"<p>As taxas de juros continuam subindo no in\u00edcio deste ano. Segundo dados do Banco Central (BC), a taxa de juros do rotativo do cart\u00e3o de cr\u00e9dito subiu 8,1 pontos percentuais de dezembro para janeiro, quando atingiu 439,5% ao ano. \u00c9 a maior taxa j\u00e1 registrada na s\u00e9rie hist\u00f3rica do BC, iniciada em mar\u00e7o de 2011. [&hellip;]<\/p>\n","protected":false},"author":2,"featured_media":35203,"comment_status":"open","ping_status":"closed","sticky":false,"template":"","format":"standard","meta":{"_genesis_hide_title":false,"_genesis_hide_breadcrumbs":false,"_genesis_hide_singular_image":false,"_genesis_hide_footer_widgets":false,"_genesis_custom_body_class":"","_genesis_custom_post_class":"","_genesis_layout":"","_jetpack_memberships_contains_paid_content":false,"footnotes":""},"categories":[22,7],"tags":[],"class_list":{"0":"post-81497","1":"post","2":"type-post","3":"status-publish","4":"format-standard","5":"has-post-thumbnail","7":"category-brasil","8":"category-economia","9":"entry","10":"gs-1","11":"gs-odd","12":"gs-even","13":"gs-featured-content-entry"},"jetpack_featured_media_url":"https:\/\/www.redenoticia.com.br\/noticia\/imagens\/cartao-credito.jpg","jetpack_sharing_enabled":true,"jetpack_likes_enabled":true,"_links":{"self":[{"href":"https:\/\/www.redenoticia.com.br\/noticia\/wp-json\/wp\/v2\/posts\/81497","targetHints":{"allow":["GET"]}}],"collection":[{"href":"https:\/\/www.redenoticia.com.br\/noticia\/wp-json\/wp\/v2\/posts"}],"about":[{"href":"https:\/\/www.redenoticia.com.br\/noticia\/wp-json\/wp\/v2\/types\/post"}],"author":[{"embeddable":true,"href":"https:\/\/www.redenoticia.com.br\/noticia\/wp-json\/wp\/v2\/users\/2"}],"replies":[{"embeddable":true,"href":"https:\/\/www.redenoticia.com.br\/noticia\/wp-json\/wp\/v2\/comments?post=81497"}],"version-history":[{"count":0,"href":"https:\/\/www.redenoticia.com.br\/noticia\/wp-json\/wp\/v2\/posts\/81497\/revisions"}],"wp:featuredmedia":[{"embeddable":true,"href":"https:\/\/www.redenoticia.com.br\/noticia\/wp-json\/wp\/v2\/media\/35203"}],"wp:attachment":[{"href":"https:\/\/www.redenoticia.com.br\/noticia\/wp-json\/wp\/v2\/media?parent=81497"}],"wp:term":[{"taxonomy":"category","embeddable":true,"href":"https:\/\/www.redenoticia.com.br\/noticia\/wp-json\/wp\/v2\/categories?post=81497"},{"taxonomy":"post_tag","embeddable":true,"href":"https:\/\/www.redenoticia.com.br\/noticia\/wp-json\/wp\/v2\/tags?post=81497"}],"curies":[{"name":"wp","href":"https:\/\/api.w.org\/{rel}","templated":true}]}}