{"id":81495,"date":"2016-02-25T10:50:26","date_gmt":"2016-02-25T13:50:26","guid":{"rendered":"http:\/\/www.redenoticia.com.br\/noticia\/?p=81495"},"modified":"2016-02-24T16:51:56","modified_gmt":"2016-02-24T19:51:56","slug":"taxa-de-desemprego-em-sao-paulo-chega-a-14-em-janeiro","status":"publish","type":"post","link":"https:\/\/www.redenoticia.com.br\/noticia\/2016\/taxa-de-desemprego-em-sao-paulo-chega-a-14-em-janeiro\/81495","title":{"rendered":"Taxa de desemprego em S\u00e3o Paulo chega a 14% em janeiro"},"content":{"rendered":"<p> A <strong><em>taxa de desemprego<\/em><\/strong> nos 39 munic\u00edpios da regi\u00e3o metropolitana de S\u00e3o Paulo ficou praticamente est\u00e1vel ao passar de 13,9% em dezembro para 14% em janeiro. O total de desempregados foi estimado em 1,549 milh\u00e3o de pessoas.<\/p>\n<p>\u00c9 o que revela a Pesquisa de Emprego e Desemprego (PED) feita em conjunto pela Funda\u00e7\u00e3o Sistema Estadual de An\u00e1lise de Dados (Funda\u00e7\u00e3o Seade) e Departamento Intersindical de Estat\u00edstica e Estudos Socioecon\u00f4micos (Dieese).<\/p>\n<p>No per\u00edodo, foram eliminados 82 mil postos de trabalho, com um recuo de 0,9% no n\u00edvel de ocupa\u00e7\u00e3o, e 83 mil pessoas deixaram de concorrer a vagas do mercado, reduzindo o total de desempregados em 1 mil pessoas. O setor da constru\u00e7\u00e3o civil foi o que mais cortou empregados, com uma redu\u00e7\u00e3o de 3,6% no saldo de ofertas devagas, equivalente a 25 mil postos de trabalho.<\/p>\n<p>A Ind\u00fastria de Transforma\u00e7\u00e3o diminuiu as contrata\u00e7\u00f5es em 2,7%, correspondendo ao fechamento de 41 mil vagas; o com\u00e9rcio e a repara\u00e7\u00e3o de ve\u00edculos automotores e motocicletas registraram queda de 1,4% (24 mil vagas). No segmento de servi\u00e7os, foram geradas 19 mil oportunidades de emprego, um acr\u00e9scimo de 0,3%.<\/p>\n<p>A PED mostra ainda que os assalariados conseguiram elevar, em m\u00e9dia, em 2,1% os rendimentos de novembro a dezembro, o equivalente a R$ 2.021. J\u00e1 os ocupados obtiveram um crescimento na renda de 2,8% nesse mesmo per\u00edodo, com m\u00e9dia de R$ 1.987.<\/p>\n<p>Marli Moreira &#8211; Rep\u00f3rter da Ag\u00eancia Brasil<br \/>\nEdi\u00e7\u00e3o: Kleber Sampaio<br \/>\n25\/02\/2016<\/p>\n","protected":false},"excerpt":{"rendered":"<p>A taxa de desemprego nos 39 munic\u00edpios da regi\u00e3o metropolitana de S\u00e3o Paulo ficou praticamente est\u00e1vel ao passar de 13,9% em dezembro para 14% em janeiro. O total de desempregados foi estimado em 1,549 milh\u00e3o de pessoas. \u00c9 o que revela a Pesquisa de Emprego e Desemprego (PED) feita em conjunto pela Funda\u00e7\u00e3o Sistema Estadual [&hellip;]<\/p>\n","protected":false},"author":2,"featured_media":57585,"comment_status":"open","ping_status":"closed","sticky":false,"template":"","format":"standard","meta":{"_genesis_hide_title":false,"_genesis_hide_breadcrumbs":false,"_genesis_hide_singular_image":false,"_genesis_hide_footer_widgets":false,"_genesis_custom_body_class":"","_genesis_custom_post_class":"","_genesis_layout":"","_jetpack_memberships_contains_paid_content":false,"footnotes":""},"categories":[22,7],"tags":[],"class_list":{"0":"post-81495","1":"post","2":"type-post","3":"status-publish","4":"format-standard","5":"has-post-thumbnail","7":"category-brasil","8":"category-economia","9":"entry","10":"gs-1","11":"gs-odd","12":"gs-even","13":"gs-featured-content-entry"},"jetpack_featured_media_url":"https:\/\/www.redenoticia.com.br\/noticia\/imagens\/analise-economia.jpg","jetpack_sharing_enabled":true,"jetpack_likes_enabled":true,"_links":{"self":[{"href":"https:\/\/www.redenoticia.com.br\/noticia\/wp-json\/wp\/v2\/posts\/81495","targetHints":{"allow":["GET"]}}],"collection":[{"href":"https:\/\/www.redenoticia.com.br\/noticia\/wp-json\/wp\/v2\/posts"}],"about":[{"href":"https:\/\/www.redenoticia.com.br\/noticia\/wp-json\/wp\/v2\/types\/post"}],"author":[{"embeddable":true,"href":"https:\/\/www.redenoticia.com.br\/noticia\/wp-json\/wp\/v2\/users\/2"}],"replies":[{"embeddable":true,"href":"https:\/\/www.redenoticia.com.br\/noticia\/wp-json\/wp\/v2\/comments?post=81495"}],"version-history":[{"count":0,"href":"https:\/\/www.redenoticia.com.br\/noticia\/wp-json\/wp\/v2\/posts\/81495\/revisions"}],"wp:featuredmedia":[{"embeddable":true,"href":"https:\/\/www.redenoticia.com.br\/noticia\/wp-json\/wp\/v2\/media\/57585"}],"wp:attachment":[{"href":"https:\/\/www.redenoticia.com.br\/noticia\/wp-json\/wp\/v2\/media?parent=81495"}],"wp:term":[{"taxonomy":"category","embeddable":true,"href":"https:\/\/www.redenoticia.com.br\/noticia\/wp-json\/wp\/v2\/categories?post=81495"},{"taxonomy":"post_tag","embeddable":true,"href":"https:\/\/www.redenoticia.com.br\/noticia\/wp-json\/wp\/v2\/tags?post=81495"}],"curies":[{"name":"wp","href":"https:\/\/api.w.org\/{rel}","templated":true}]}}